{"id":12448,"date":"2019-11-11T21:01:35","date_gmt":"2019-11-11T21:01:35","guid":{"rendered":"https:\/\/www.aunica.com\/?p=12448"},"modified":"2019-11-11T21:01:35","modified_gmt":"2019-11-11T21:01:35","slug":"poder-dos-dados-para-transformar-negocios","status":"publish","type":"post","link":"https:\/\/www.aunica.com\/en\/poder-dos-dados-para-transformar-negocios\/","title":{"rendered":"#AUNICA15ANOS: USO ESTRAT\u00c9GICO DE DADOS PODE TRANSFORMAR OS NEG\u00d3CIOS E A SOCIEDADE"},"content":{"rendered":"\n<h4><\/h4>\n\n\n\n<figure class=\"wp-block-image\"><img src=\"https:\/\/www.aunica.com\/wp-content\/uploads\/2019\/11\/domo-aunica15anos.jpg\" alt=\"\" class=\"wp-image-12451\"\/><\/figure>\n\n\n\n<p> aunica Interactive Marketing comemora 15 anos com evento realizado na nova sede da<a href=\"https:\/\/cubo.network\/\"> Cubo<\/a>, incubadora de startups do Ita\u00fa, em S\u00e3o Paulo. A empresa recebeu convidados exclusivos e contou com a presen\u00e7a de lideran\u00e7as executivas de unic\u00f3rnios nacionais e internacionais e um representante da Prefeitura da Cidade de S\u00e3o Paulo, que debateram, entre outros assunto, o  poder dos dados.<\/p>\n\n\n\n<p><\/p>\n\n\n\n<p>O evento teve como destaques o <em>keynote internacional<\/em> de Josh James, CEO e fundador da <a href=\"https:\/\/www.aunica.com\/domo\/\">Domo<\/a>, plataforma inovadora de an\u00e1lise de dados em empresas, e pelo debate \u201cO Poder de Transforma\u00e7\u00e3o dos Dados na Sociedade e nos Neg\u00f3cios\u201d, mediado pela jornalista Silvia Bassi, <em>Publisher<\/em> da <em>The Shift<\/em>, e que contou com a participa\u00e7\u00e3o de Jo\u00e3o Vestim Grande, Subprefeito da cidade de S\u00e3o Paulo; Stella Brant, Diretora de Marketing da 99; Roberto Eckesdorff, CEO e Fundador da aunica; Sandor Caetano, <em>Chief<\/em> <em>Data Science<\/em> do <em>IFood<\/em>; e Fabio Zveibil, VP de Desenvolvimento de Neg\u00f3cios da Creditas. <\/p>\n\n\n\n<p><\/p>\n\n\n\n<p>A Domo \u00e9 uma das mais importantes plataformas de an\u00e1lise de dados do mundo, e desde 2019, possui a aunica como primeira parceira latino-americana certificada. Josh James, CEO da empresa, mostrou ao p\u00fablico qual o impacto real que a organiza\u00e7\u00e3o de dados pode ter sobre qualquer empresa. \u201cQuando voc\u00ea tem dados, especialmente em tempo real ou que demoram apenas um dia, isso \u00e9 muito mais eficiente. Estamos fazendo o mundo ser mais eficiente, Estamos trazendo uma melhor produtividade com impacto significativo na vida de todos n\u00f3s. \u201d, explica Josh. <\/p>\n\n\n\n<p><\/p>\n\n\n\n<p>Ap\u00f3s a palestra, o debate levantou a discuss\u00e3o a respeito da import\u00e2ncia dos dados e seu impacto no mercado e na sociedade. Quanto mais voc\u00ea aproveita os dados para gerar neg\u00f3cios, mais voc\u00ea se conecta com o seu consumidor. \u201cA partir dos dados conseguimos identificar as reais necessidades e os verdadeiros insights. E, a partir das verdades das pessoas, a gente consegue de fato conectar com os objetivos de neg\u00f3cios e trazer solu\u00e7\u00f5es que v\u00e3o realmente impactar a vida de todo mundo. \u201d, destaca Stella Brant, Diretora de Marketing da 99.<\/p>\n\n\n\n<p><\/p>\n\n\n\n<p>Abaixo voc\u00ea pode ver o v\u00eddeo com os melhores momentos do evento.<\/p>\n\n\n\n<p><\/p>\n\n\n\n<figure class=\"wp-block-embed-youtube wp-block-embed is-type-video is-provider-youtube wp-embed-aspect-16-9 wp-has-aspect-ratio\"><div class=\"wp-block-embed__wrapper\">\n<iframe loading=\"lazy\" title=\"Evento aunica 15 anos de Sucesso e Inova\u00e7\u00e3o!\" width=\"1170\" height=\"658\" src=\"about:blank\" frameborder=\"0\" allow=\"accelerometer; autoplay; clipboard-write; encrypted-media; gyroscope; picture-in-picture; web-share\" allowfullscreen=\"\" class=\"lazyload\" data-src=\"https:\/\/www.youtube.com\/embed\/usXsx0AD_eY?start=8&#038;feature=oembed\"><\/iframe>\n<\/div><\/figure>\n\n\n\n<p><\/p>\n\n\n\n<p><strong>A aunica<\/strong><\/p>\n\n\n\n<p>Com <a href=\"https:\/\/www.aunica.com\/aunica15anos\/\">15 anos de hist\u00f3ria<\/a>, a aunica \u00e9 uma das pioneiras em diversas inova\u00e7\u00f5es e revolu\u00e7\u00f5es digitais no Brasil, como o uso do <em>AdServer<\/em>, <em>Rich-Media<\/em>, <em>Targeting<\/em> Comportamental, <em>Real Time Analytics<\/em> e o primeiro <em>Marketing Cloud<\/em> do mundo, Atualmente, a empresa \u00e9 <a href=\"https:\/\/www.aunica.com\/servicos\/#data-anchor\">refer\u00eancia<\/a> em <em>data intelligence e data driven marketing<\/em>, com importante papel no desenvolvimento do mercado digital brasileiro.<\/p>\n\n\n\n<p><\/p>\n\n\n\n<p><\/p>\n\n\n\n<p>Durante sua trajet\u00f3ria, a aunica produziu mais 30 <a href=\"https:\/\/www.aunica.com\/cases\/\">cases<\/a> de sucesso assinados, com diversas <a href=\"https:\/\/www.aunica.com\/parceiros\/\">parcerias<\/a> inovadoras, mais de 5 mil profissionais engajados em anunciantes, ag\u00eancias e e-commerces, mais de 120 artigos publicados e o desenvolvimento do famoso \u00cdndice Aunica de performance Digital (IUPD). Al\u00e9m disso, a aunica j\u00e1 marcou sua atua\u00e7\u00e3o em 13 pa\u00edses e foi respons\u00e1vel pelo desenvolvimento da 1\u00aa Galeria Criativa Digital do Brasil, no Meio&amp;Mensagem.<\/p>\n\n\n\n<p><\/p>\n\n\n\n<p>\u201cEm 15 anos queremos estar no mesmo lugar, no cora\u00e7\u00e3o dos nossos clientes, entregando um servi\u00e7o de qualidade, receita e muita inova\u00e7\u00e3o para eles\u201d, finaliza Roberto Eckesdorff, CEO e Fundador da aunica.<\/p>\n\n\n\n<p><\/p>\n","protected":false},"excerpt":{"rendered":"<p>aunica Interactive Marketing comemora 15 anos com evento realizado na nova sede da Cubo, incubadora de startups do Ita\u00fa, em S\u00e3o Paulo. A empresa recebeu convidados exclusivos e contou com a presen\u00e7a de lideran\u00e7as executivas de unic\u00f3rnios nacionais e internacionais e um representante da Prefeitura da Cidade de S\u00e3o Paulo, que debateram, entre outros assunto, [&hellip;]<\/p>\n","protected":false},"author":7,"featured_media":12457,"comment_status":"open","ping_status":"open","sticky":false,"template":"","format":"standard","meta":{"content-type":""},"categories":[126],"tags":[256,257,239,240],"acf":[],"yoast_head":"<!-- This site is optimized with the Yoast SEO plugin v19.8 - https:\/\/yoast.com\/wordpress\/plugins\/seo\/ -->\n<title>#aunica15anos: o poder dos dados para transformar neg\u00f3cios<\/title>\n<meta name=\"description\" content=\"Evento de 15 anos da aunica re\u00fane especialistas e lideran\u00e7as executivas do mercado para discutir o poder da transforma\u00e7\u00e3o digital e dos dados nos neg\u00f3cios e na sociedade.\" \/>\n<meta name=\"robots\" content=\"index, follow, max-snippet:-1, max-image-preview:large, max-video-preview:-1\" \/>\n<meta property=\"og:locale\" content=\"en_US\" \/>\n<meta property=\"og:type\" content=\"article\" \/>\n<meta property=\"og:title\" content=\"#aunica15anos: o poder dos dados para transformar neg\u00f3cios\" \/>\n<meta property=\"og:description\" content=\"Evento de 15 anos da aunica re\u00fane especialistas e lideran\u00e7as executivas do mercado para discutir o poder da transforma\u00e7\u00e3o digital e dos dados nos neg\u00f3cios e na sociedade.\" \/>\n<meta property=\"og:url\" content=\"https:\/\/www.aunica.com\/en\/poder-dos-dados-para-transformar-negocios\/\" \/>\n<meta property=\"og:site_name\" content=\"aunica Interactive Marketing | Since 2004\" \/>\n<meta property=\"article:published_time\" content=\"2019-11-11T21:01:35+00:00\" \/>\n<meta name=\"author\" content=\"Gleissieli Souza\" \/>\n<meta name=\"twitter:card\" content=\"summary_large_image\" \/>\n<meta name=\"twitter:label1\" content=\"Written by\" \/>\n\t<meta name=\"twitter:data1\" content=\"Gleissieli Souza\" \/>\n\t<meta name=\"twitter:label2\" content=\"Est. reading time\" \/>\n\t<meta name=\"twitter:data2\" content=\"3 minutes\" \/>\n<script type=\"application\/ld+json\" class=\"yoast-schema-graph\">{\"@context\":\"https:\/\/schema.org\",\"@graph\":[{\"@type\":\"WebPage\",\"@id\":\"https:\/\/www.aunica.com\/en\/poder-dos-dados-para-transformar-negocios\/\",\"url\":\"https:\/\/www.aunica.com\/en\/poder-dos-dados-para-transformar-negocios\/\",\"name\":\"#aunica15anos: o poder dos dados para transformar neg\u00f3cios\",\"isPartOf\":{\"@id\":\"https:\/\/www.aunica.com\/#website\"},\"datePublished\":\"2019-11-11T21:01:35+00:00\",\"dateModified\":\"2019-11-11T21:01:35+00:00\",\"author\":{\"@id\":\"https:\/\/www.aunica.com\/#\/schema\/person\/50cd64e7f0612aa8041c3fca601c4222\"},\"description\":\"Evento de 15 anos da aunica re\u00fane especialistas e lideran\u00e7as executivas do mercado para discutir o poder da transforma\u00e7\u00e3o digital e dos dados nos neg\u00f3cios e na sociedade.\",\"breadcrumb\":{\"@id\":\"https:\/\/www.aunica.com\/en\/poder-dos-dados-para-transformar-negocios\/#breadcrumb\"},\"inLanguage\":\"en-US\",\"potentialAction\":[{\"@type\":\"ReadAction\",\"target\":[\"https:\/\/www.aunica.com\/en\/poder-dos-dados-para-transformar-negocios\/\"]}]},{\"@type\":\"BreadcrumbList\",\"@id\":\"https:\/\/www.aunica.com\/en\/poder-dos-dados-para-transformar-negocios\/#breadcrumb\",\"itemListElement\":[{\"@type\":\"ListItem\",\"position\":1,\"name\":\"Home\",\"item\":\"https:\/\/www.aunica.com\/en\/\"},{\"@type\":\"ListItem\",\"position\":2,\"name\":\"#AUNICA15ANOS: USO ESTRAT\u00c9GICO DE DADOS PODE TRANSFORMAR OS NEG\u00d3CIOS E A SOCIEDADE\"}]},{\"@type\":\"WebSite\",\"@id\":\"https:\/\/www.aunica.com\/#website\",\"url\":\"https:\/\/www.aunica.com\/\",\"name\":\"aunica Interactive Marketing | Since 2004\",\"description\":\"Especialistas em Data Driven Marketing\",\"potentialAction\":[{\"@type\":\"SearchAction\",\"target\":{\"@type\":\"EntryPoint\",\"urlTemplate\":\"https:\/\/www.aunica.com\/?s={search_term_string}\"},\"query-input\":\"required name=search_term_string\"}],\"inLanguage\":\"en-US\"},{\"@type\":\"Person\",\"@id\":\"https:\/\/www.aunica.com\/#\/schema\/person\/50cd64e7f0612aa8041c3fca601c4222\",\"name\":\"Gleissieli Souza\",\"image\":{\"@type\":\"ImageObject\",\"inLanguage\":\"en-US\",\"@id\":\"https:\/\/www.aunica.com\/#\/schema\/person\/image\/\",\"url\":\"https:\/\/secure.gravatar.com\/avatar\/52524e590dea4cc84e342f02a7581ee9?s=96&d=mm&r=g\",\"contentUrl\":\"https:\/\/secure.gravatar.com\/avatar\/52524e590dea4cc84e342f02a7581ee9?s=96&d=mm&r=g\",\"caption\":\"Gleissieli Souza\"},\"url\":\"https:\/\/www.aunica.com\/en\/author\/gleissieli-souza\/\"}]}<\/script>\n<!-- \/ Yoast SEO plugin. -->","yoast_head_json":{"title":"#aunica15anos: o poder dos dados para transformar neg\u00f3cios","description":"Evento de 15 anos da aunica re\u00fane especialistas e lideran\u00e7as executivas do mercado para discutir o poder da transforma\u00e7\u00e3o digital e dos dados nos neg\u00f3cios e na sociedade.","robots":{"index":"index","follow":"follow","max-snippet":"max-snippet:-1","max-image-preview":"max-image-preview:large","max-video-preview":"max-video-preview:-1"},"og_locale":"en_US","og_type":"article","og_title":"#aunica15anos: o poder dos dados para transformar neg\u00f3cios","og_description":"Evento de 15 anos da aunica re\u00fane especialistas e lideran\u00e7as executivas do mercado para discutir o poder da transforma\u00e7\u00e3o digital e dos dados nos neg\u00f3cios e na sociedade.","og_url":"https:\/\/www.aunica.com\/en\/poder-dos-dados-para-transformar-negocios\/","og_site_name":"aunica Interactive Marketing | Since 2004","article_published_time":"2019-11-11T21:01:35+00:00","author":"Gleissieli Souza","twitter_card":"summary_large_image","twitter_misc":{"Written by":"Gleissieli Souza","Est. reading time":"3 minutes"},"schema":{"@context":"https:\/\/schema.org","@graph":[{"@type":"WebPage","@id":"https:\/\/www.aunica.com\/en\/poder-dos-dados-para-transformar-negocios\/","url":"https:\/\/www.aunica.com\/en\/poder-dos-dados-para-transformar-negocios\/","name":"#aunica15anos: o poder dos dados para transformar neg\u00f3cios","isPartOf":{"@id":"https:\/\/www.aunica.com\/#website"},"datePublished":"2019-11-11T21:01:35+00:00","dateModified":"2019-11-11T21:01:35+00:00","author":{"@id":"https:\/\/www.aunica.com\/#\/schema\/person\/50cd64e7f0612aa8041c3fca601c4222"},"description":"Evento de 15 anos da aunica re\u00fane especialistas e lideran\u00e7as executivas do mercado para discutir o poder da transforma\u00e7\u00e3o digital e dos dados nos neg\u00f3cios e na sociedade.","breadcrumb":{"@id":"https:\/\/www.aunica.com\/en\/poder-dos-dados-para-transformar-negocios\/#breadcrumb"},"inLanguage":"en-US","potentialAction":[{"@type":"ReadAction","target":["https:\/\/www.aunica.com\/en\/poder-dos-dados-para-transformar-negocios\/"]}]},{"@type":"BreadcrumbList","@id":"https:\/\/www.aunica.com\/en\/poder-dos-dados-para-transformar-negocios\/#breadcrumb","itemListElement":[{"@type":"ListItem","position":1,"name":"Home","item":"https:\/\/www.aunica.com\/en\/"},{"@type":"ListItem","position":2,"name":"#AUNICA15ANOS: USO ESTRAT\u00c9GICO DE DADOS PODE TRANSFORMAR OS NEG\u00d3CIOS E A SOCIEDADE"}]},{"@type":"WebSite","@id":"https:\/\/www.aunica.com\/#website","url":"https:\/\/www.aunica.com\/","name":"aunica Interactive Marketing | Since 2004","description":"Especialistas em Data Driven Marketing","potentialAction":[{"@type":"SearchAction","target":{"@type":"EntryPoint","urlTemplate":"https:\/\/www.aunica.com\/?s={search_term_string}"},"query-input":"required name=search_term_string"}],"inLanguage":"en-US"},{"@type":"Person","@id":"https:\/\/www.aunica.com\/#\/schema\/person\/50cd64e7f0612aa8041c3fca601c4222","name":"Gleissieli Souza","image":{"@type":"ImageObject","inLanguage":"en-US","@id":"https:\/\/www.aunica.com\/#\/schema\/person\/image\/","url":"https:\/\/secure.gravatar.com\/avatar\/52524e590dea4cc84e342f02a7581ee9?s=96&d=mm&r=g","contentUrl":"https:\/\/secure.gravatar.com\/avatar\/52524e590dea4cc84e342f02a7581ee9?s=96&d=mm&r=g","caption":"Gleissieli Souza"},"url":"https:\/\/www.aunica.com\/en\/author\/gleissieli-souza\/"}]}},"_links":{"self":[{"href":"https:\/\/www.aunica.com\/en\/wp-json\/wp\/v2\/posts\/12448"}],"collection":[{"href":"https:\/\/www.aunica.com\/en\/wp-json\/wp\/v2\/posts"}],"about":[{"href":"https:\/\/www.aunica.com\/en\/wp-json\/wp\/v2\/types\/post"}],"author":[{"embeddable":true,"href":"https:\/\/www.aunica.com\/en\/wp-json\/wp\/v2\/users\/7"}],"replies":[{"embeddable":true,"href":"https:\/\/www.aunica.com\/en\/wp-json\/wp\/v2\/comments?post=12448"}],"version-history":[{"count":0,"href":"https:\/\/www.aunica.com\/en\/wp-json\/wp\/v2\/posts\/12448\/revisions"}],"wp:featuredmedia":[{"embeddable":true,"href":"https:\/\/www.aunica.com\/en\/wp-json\/"}],"wp:attachment":[{"href":"https:\/\/www.aunica.com\/en\/wp-json\/wp\/v2\/media?parent=12448"}],"wp:term":[{"taxonomy":"category","embeddable":true,"href":"https:\/\/www.aunica.com\/en\/wp-json\/wp\/v2\/categories?post=12448"},{"taxonomy":"post_tag","embeddable":true,"href":"https:\/\/www.aunica.com\/en\/wp-json\/wp\/v2\/tags?post=12448"}],"curies":[{"name":"wp","href":"https:\/\/api.w.org\/{rel}","templated":true}]}}