{"id":13000,"date":"2020-03-04T19:35:52","date_gmt":"2020-03-04T19:35:52","guid":{"rendered":"https:\/\/www.aunica.com\/?p=13000"},"modified":"2020-03-04T19:35:52","modified_gmt":"2020-03-04T19:35:52","slug":"premiacao-acoes-marketing-de-dados","status":"publish","type":"post","link":"https:\/\/www.aunica.com\/en\/premiacao-acoes-marketing-de-dados\/","title":{"rendered":"Premia\u00e7\u00e3o destaca a\u00e7\u00f5es inovadoras de Marketing de Dados"},"content":{"rendered":"\n<figure class=\"wp-block-image\"><img src=\"https:\/\/www.aunica.com\/wp-content\/uploads\/2020\/03\/premio-abend-capa-blog-1024x416.jpg\" alt=\"premio ABEMD para a\u00e7\u00f5es de marketing de dados\" class=\"wp-image-13011\"\/><\/figure>\n\n\n\n<p>O Marketing de Dados j\u00e1 \u00e9 uma realidade e cresce a cada ano impulsionado pelo novo perfil de consumo, que exige campanhas publicit\u00e1rias cada vez mais personalizadas. Especialistas confirmam que empresas capazes de personalizar a experi\u00eancia de maneira integrada t\u00eam o potencial de aumentar a receita em pelo menos 15% na base de clientes. <\/p>\n\n\n\n<div class=\"wp-block-image\"><figure class=\"aligncenter is-resized\"><img loading=\"lazy\" src=\"https:\/\/www.aunica.com\/wp-content\/uploads\/2020\/03\/1_23053-1-1024x727.jpg\" alt=\"pessoa analisando gr\u00e1ficos de marketing de dados\" class=\"wp-image-13006\" width=\"517\" height=\"366\"\/><figcaption>Marketing Strategy Connting Digital Devices Concept<\/figcaption><\/figure><\/div>\n\n\n\n<p>E essa\nrealidade n\u00e3o \u00e9 diferente no mercado brasileiro de Marketing de Dados, que est\u00e1\nem crescimento, com grandes cases de sucesso, e possui alto potencial de\nexpans\u00e3o nos pr\u00f3ximos anos. <\/p>\n\n\n\n<p>Com o objetivo de impulsionar ideias inovadoras e premiar a\u00e7\u00f5es direcionadas por marketing de dados, com as melhores estrat\u00e9gias, planejamento e criatividade, a <a href=\"http:\/\/abemd.org.br\/premioabemd\/\"><strong>Associa\u00e7\u00e3o Brasileira de Marketing de Dados<\/strong><\/a> (<strong>ABEMD<\/strong>) promove no dia 04 de junho a 26\u00aa edi\u00e7\u00e3o do Pr\u00eamio ABEMD, reconhecido por impulsionar a\u00e7\u00f5es transformadoras em todo o pa\u00eds.<\/p>\n\n\n\n<p><\/p>\n\n\n\n<p style=\"text-align:left\">A <a href=\"https:\/\/www.aunica.com\/\"><strong>aunica Interactive Marketing<\/strong><\/a> \u00e9 parceira da entidade desde a nossa funda\u00e7\u00e3o, pois sabemos a import\u00e2ncia do papel exercido pela associa\u00e7\u00e3o no mercado de marketing brasileiro.<\/p>\n\n\n\n<p><\/p>\n\n\n\n<p>O evento vai premiar cases em quatro categorias: Campanha\/Programa, Digital\/Mobile, CRM\/Loyalty e Call Center\/Contact Center. Os vencedores recebem trof\u00e9us de Ouro, Prata ou Bronze, al\u00e9m de premia\u00e7\u00f5es especiais, que s\u00e3o: Grand Prix, Cria\u00e7\u00e3o, Ag\u00eancia do Ano, Cliente do Ano e Melhor dos Melhores entre as quatro categorias da competi\u00e7\u00e3o.<\/p>\n\n\n\n<p><\/p>\n\n\n\n<div class=\"wp-block-image\"><figure class=\"aligncenter is-resized\"><img loading=\"lazy\" src=\"https:\/\/www.aunica.com\/wp-content\/uploads\/2020\/03\/img-premiacao.png\" alt=\"ganhadores do pr\u00eamio abemd 2019\" class=\"wp-image-13004\" width=\"380\" height=\"253\"\/><figcaption>Imagem: ABEMD<\/figcaption><\/figure><\/div>\n\n\n\n<p>A\nescolha dos ganhadores ser\u00e1 feita por um j\u00fari composto por profissionais de\nag\u00eancias, anunciantes e fornecedores usu\u00e1rios de Marketing de Dados, que\nincluem os membros do Comit\u00ea Executivo do Pr\u00eamio ABEMD. <\/p>\n\n\n\n<p>Podem se inscrever e concorrer ag\u00eancias e os pr\u00f3prios clientes ou usu\u00e1rios do programa de Marketing de Dados.\u00a0 As inscri\u00e7\u00f5es j\u00e1 est\u00e3o abertas e se encerram no pr\u00f3ximo dia 06 de abril, fique atento! Para saber mais informa\u00e7\u00f5es sobre as inscri\u00e7\u00f5es e a premia\u00e7\u00e3o, acesse: <strong><a href=\"http:\/\/abemd.org.br\/premioabemd\/\" target=\"_blank\" rel=\"noreferrer noopener\" aria-label=\"http:\/\/abemd.org.br\/premioabemd\/ (abre numa nova aba)\">http:\/\/abemd.org.br\/premioabemd\/<\/a><\/strong><\/p>\n","protected":false},"excerpt":{"rendered":"<p>O Marketing de Dados j\u00e1 \u00e9 uma realidade e cresce a cada ano impulsionado pelo novo perfil de consumo, que exige campanhas publicit\u00e1rias cada vez mais personalizadas. Especialistas confirmam que empresas capazes de personalizar a experi\u00eancia de maneira integrada t\u00eam o potencial de aumentar a receita em pelo menos 15% na base de clientes. E [&hellip;]<\/p>\n","protected":false},"author":7,"featured_media":13009,"comment_status":"open","ping_status":"open","sticky":false,"template":"","format":"standard","meta":{"content-type":""},"categories":[126,289],"tags":[],"acf":[],"yoast_head":"<!-- This site is optimized with the Yoast SEO plugin v19.8 - https:\/\/yoast.com\/wordpress\/plugins\/seo\/ -->\n<title>Premia\u00e7\u00e3o destaca a\u00e7\u00f5es inovadoras de Marketing de Dados<\/title>\n<meta name=\"description\" content=\"O Marketing de Dados j\u00e1 \u00e9 uma realidade no mercado publicit\u00e1rio e, para impulsionar ideias inovadoras, a ABEMD promove a 26\u00aa edi\u00e7\u00e3o do Pr\u00eamio ABEMD.\" \/>\n<meta name=\"robots\" content=\"index, follow, max-snippet:-1, max-image-preview:large, max-video-preview:-1\" \/>\n<meta property=\"og:locale\" content=\"en_US\" \/>\n<meta property=\"og:type\" content=\"article\" \/>\n<meta property=\"og:title\" content=\"Premia\u00e7\u00e3o destaca a\u00e7\u00f5es inovadoras de Marketing de Dados\" \/>\n<meta property=\"og:description\" content=\"O Marketing de Dados j\u00e1 \u00e9 uma realidade no mercado publicit\u00e1rio e, para impulsionar ideias inovadoras, a ABEMD promove a 26\u00aa edi\u00e7\u00e3o do Pr\u00eamio ABEMD.\" \/>\n<meta property=\"og:url\" content=\"https:\/\/www.aunica.com\/premiacao-acoes-marketing-de-dados\/\" \/>\n<meta property=\"og:site_name\" content=\"aunica Interactive Marketing | Since 2004\" \/>\n<meta property=\"article:published_time\" content=\"2020-03-04T19:35:52+00:00\" \/>\n<meta name=\"author\" content=\"Gleissieli Souza\" \/>\n<meta name=\"twitter:card\" content=\"summary_large_image\" \/>\n<meta name=\"twitter:label1\" content=\"Written by\" \/>\n\t<meta name=\"twitter:data1\" content=\"Gleissieli Souza\" \/>\n\t<meta name=\"twitter:label2\" content=\"Est. reading time\" \/>\n\t<meta name=\"twitter:data2\" content=\"2 minutes\" \/>\n<script type=\"application\/ld+json\" class=\"yoast-schema-graph\">{\"@context\":\"https:\/\/schema.org\",\"@graph\":[{\"@type\":\"WebPage\",\"@id\":\"https:\/\/www.aunica.com\/premiacao-acoes-marketing-de-dados\/\",\"url\":\"https:\/\/www.aunica.com\/premiacao-acoes-marketing-de-dados\/\",\"name\":\"Premia\u00e7\u00e3o destaca a\u00e7\u00f5es inovadoras de Marketing de Dados\",\"isPartOf\":{\"@id\":\"https:\/\/www.aunica.com\/#website\"},\"datePublished\":\"2020-03-04T19:35:52+00:00\",\"dateModified\":\"2020-03-04T19:35:52+00:00\",\"author\":{\"@id\":\"https:\/\/www.aunica.com\/#\/schema\/person\/50cd64e7f0612aa8041c3fca601c4222\"},\"description\":\"O Marketing de Dados j\u00e1 \u00e9 uma realidade no mercado publicit\u00e1rio e, para impulsionar ideias inovadoras, a ABEMD promove a 26\u00aa edi\u00e7\u00e3o do Pr\u00eamio ABEMD.\",\"breadcrumb\":{\"@id\":\"https:\/\/www.aunica.com\/premiacao-acoes-marketing-de-dados\/#breadcrumb\"},\"inLanguage\":\"en-US\",\"potentialAction\":[{\"@type\":\"ReadAction\",\"target\":[\"https:\/\/www.aunica.com\/premiacao-acoes-marketing-de-dados\/\"]}]},{\"@type\":\"BreadcrumbList\",\"@id\":\"https:\/\/www.aunica.com\/premiacao-acoes-marketing-de-dados\/#breadcrumb\",\"itemListElement\":[{\"@type\":\"ListItem\",\"position\":1,\"name\":\"Home\",\"item\":\"https:\/\/www.aunica.com\/en\/\"},{\"@type\":\"ListItem\",\"position\":2,\"name\":\"Premia\u00e7\u00e3o destaca a\u00e7\u00f5es inovadoras de Marketing de Dados\"}]},{\"@type\":\"WebSite\",\"@id\":\"https:\/\/www.aunica.com\/#website\",\"url\":\"https:\/\/www.aunica.com\/\",\"name\":\"aunica Interactive Marketing | Since 2004\",\"description\":\"Especialistas em Data Driven Marketing\",\"potentialAction\":[{\"@type\":\"SearchAction\",\"target\":{\"@type\":\"EntryPoint\",\"urlTemplate\":\"https:\/\/www.aunica.com\/?s={search_term_string}\"},\"query-input\":\"required name=search_term_string\"}],\"inLanguage\":\"en-US\"},{\"@type\":\"Person\",\"@id\":\"https:\/\/www.aunica.com\/#\/schema\/person\/50cd64e7f0612aa8041c3fca601c4222\",\"name\":\"Gleissieli Souza\",\"image\":{\"@type\":\"ImageObject\",\"inLanguage\":\"en-US\",\"@id\":\"https:\/\/www.aunica.com\/#\/schema\/person\/image\/\",\"url\":\"https:\/\/secure.gravatar.com\/avatar\/52524e590dea4cc84e342f02a7581ee9?s=96&d=mm&r=g\",\"contentUrl\":\"https:\/\/secure.gravatar.com\/avatar\/52524e590dea4cc84e342f02a7581ee9?s=96&d=mm&r=g\",\"caption\":\"Gleissieli Souza\"},\"url\":\"https:\/\/www.aunica.com\/en\/author\/gleissieli-souza\/\"}]}<\/script>\n<!-- \/ Yoast SEO plugin. -->","yoast_head_json":{"title":"Premia\u00e7\u00e3o destaca a\u00e7\u00f5es inovadoras de Marketing de Dados","description":"O Marketing de Dados j\u00e1 \u00e9 uma realidade no mercado publicit\u00e1rio e, para impulsionar ideias inovadoras, a ABEMD promove a 26\u00aa edi\u00e7\u00e3o do Pr\u00eamio ABEMD.","robots":{"index":"index","follow":"follow","max-snippet":"max-snippet:-1","max-image-preview":"max-image-preview:large","max-video-preview":"max-video-preview:-1"},"og_locale":"en_US","og_type":"article","og_title":"Premia\u00e7\u00e3o destaca a\u00e7\u00f5es inovadoras de Marketing de Dados","og_description":"O Marketing de Dados j\u00e1 \u00e9 uma realidade no mercado publicit\u00e1rio e, para impulsionar ideias inovadoras, a ABEMD promove a 26\u00aa edi\u00e7\u00e3o do Pr\u00eamio ABEMD.","og_url":"https:\/\/www.aunica.com\/premiacao-acoes-marketing-de-dados\/","og_site_name":"aunica Interactive Marketing | Since 2004","article_published_time":"2020-03-04T19:35:52+00:00","author":"Gleissieli Souza","twitter_card":"summary_large_image","twitter_misc":{"Written by":"Gleissieli Souza","Est. reading time":"2 minutes"},"schema":{"@context":"https:\/\/schema.org","@graph":[{"@type":"WebPage","@id":"https:\/\/www.aunica.com\/premiacao-acoes-marketing-de-dados\/","url":"https:\/\/www.aunica.com\/premiacao-acoes-marketing-de-dados\/","name":"Premia\u00e7\u00e3o destaca a\u00e7\u00f5es inovadoras de Marketing de Dados","isPartOf":{"@id":"https:\/\/www.aunica.com\/#website"},"datePublished":"2020-03-04T19:35:52+00:00","dateModified":"2020-03-04T19:35:52+00:00","author":{"@id":"https:\/\/www.aunica.com\/#\/schema\/person\/50cd64e7f0612aa8041c3fca601c4222"},"description":"O Marketing de Dados j\u00e1 \u00e9 uma realidade no mercado publicit\u00e1rio e, para impulsionar ideias inovadoras, a ABEMD promove a 26\u00aa edi\u00e7\u00e3o do Pr\u00eamio ABEMD.","breadcrumb":{"@id":"https:\/\/www.aunica.com\/premiacao-acoes-marketing-de-dados\/#breadcrumb"},"inLanguage":"en-US","potentialAction":[{"@type":"ReadAction","target":["https:\/\/www.aunica.com\/premiacao-acoes-marketing-de-dados\/"]}]},{"@type":"BreadcrumbList","@id":"https:\/\/www.aunica.com\/premiacao-acoes-marketing-de-dados\/#breadcrumb","itemListElement":[{"@type":"ListItem","position":1,"name":"Home","item":"https:\/\/www.aunica.com\/en\/"},{"@type":"ListItem","position":2,"name":"Premia\u00e7\u00e3o destaca a\u00e7\u00f5es inovadoras de Marketing de Dados"}]},{"@type":"WebSite","@id":"https:\/\/www.aunica.com\/#website","url":"https:\/\/www.aunica.com\/","name":"aunica Interactive Marketing | Since 2004","description":"Especialistas em Data Driven Marketing","potentialAction":[{"@type":"SearchAction","target":{"@type":"EntryPoint","urlTemplate":"https:\/\/www.aunica.com\/?s={search_term_string}"},"query-input":"required name=search_term_string"}],"inLanguage":"en-US"},{"@type":"Person","@id":"https:\/\/www.aunica.com\/#\/schema\/person\/50cd64e7f0612aa8041c3fca601c4222","name":"Gleissieli Souza","image":{"@type":"ImageObject","inLanguage":"en-US","@id":"https:\/\/www.aunica.com\/#\/schema\/person\/image\/","url":"https:\/\/secure.gravatar.com\/avatar\/52524e590dea4cc84e342f02a7581ee9?s=96&d=mm&r=g","contentUrl":"https:\/\/secure.gravatar.com\/avatar\/52524e590dea4cc84e342f02a7581ee9?s=96&d=mm&r=g","caption":"Gleissieli Souza"},"url":"https:\/\/www.aunica.com\/en\/author\/gleissieli-souza\/"}]}},"_links":{"self":[{"href":"https:\/\/www.aunica.com\/en\/wp-json\/wp\/v2\/posts\/13000"}],"collection":[{"href":"https:\/\/www.aunica.com\/en\/wp-json\/wp\/v2\/posts"}],"about":[{"href":"https:\/\/www.aunica.com\/en\/wp-json\/wp\/v2\/types\/post"}],"author":[{"embeddable":true,"href":"https:\/\/www.aunica.com\/en\/wp-json\/wp\/v2\/users\/7"}],"replies":[{"embeddable":true,"href":"https:\/\/www.aunica.com\/en\/wp-json\/wp\/v2\/comments?post=13000"}],"version-history":[{"count":0,"href":"https:\/\/www.aunica.com\/en\/wp-json\/wp\/v2\/posts\/13000\/revisions"}],"wp:featuredmedia":[{"embeddable":true,"href":"https:\/\/www.aunica.com\/en\/wp-json\/"}],"wp:attachment":[{"href":"https:\/\/www.aunica.com\/en\/wp-json\/wp\/v2\/media?parent=13000"}],"wp:term":[{"taxonomy":"category","embeddable":true,"href":"https:\/\/www.aunica.com\/en\/wp-json\/wp\/v2\/categories?post=13000"},{"taxonomy":"post_tag","embeddable":true,"href":"https:\/\/www.aunica.com\/en\/wp-json\/wp\/v2\/tags?post=13000"}],"curies":[{"name":"wp","href":"https:\/\/api.w.org\/{rel}","templated":true}]}}