{"id":15798,"date":"2020-11-21T15:48:10","date_gmt":"2020-11-21T15:48:10","guid":{"rendered":"https:\/\/www.aunica.com\/?p=15798"},"modified":"2020-11-21T15:48:10","modified_gmt":"2020-11-21T15:48:10","slug":"veja-quais-serao-as-tendencias-de-cores-para-2021","status":"publish","type":"post","link":"https:\/\/www.aunica.com\/en\/veja-quais-serao-as-tendencias-de-cores-para-2021\/","title":{"rendered":"Veja quais ser\u00e3o as tend\u00eancias de cores para 2021"},"content":{"rendered":"<p><strong>Fonte: Shutterstock<\/strong><\/p>\n<p><img loading=\"lazy\" class=\"aligncenter wp-image-15799\" src=\"https:\/\/www.aunica.com\/wp-content\/uploads\/2020\/11\/Shutterstock_trends_2021.gif\" alt=\"Shutterstock Tend\u00eancias Cores 2021\" width=\"800\" height=\"451\" \/><\/p>\n<header class=\"doc__header\">\n<div class=\"inner\">\n<p class=\"entry-title entry__title doc__title\"><strong>Veja quais ser\u00e3o as tend\u00eancias de cores para 2021<\/strong><\/p>\n<\/div>\n<\/header>\n<div class=\"inner doc__content doc__content--single\">\n<div class=\"doc__layout\">\n<div class=\"content-column\">\n<div class=\"entry-content entry-content--single\">\n<p>As cores s\u00e3o muito importantes em todas as nossas experi\u00eancias. Mesmo que voc\u00ea n\u00e3o perceba, elas est\u00e3o l\u00e1, moldando lugares ou dando um toque a uma imagem com calor ou frieza, luminosidade ou escurid\u00e3o, similaridade ou contraste. O poder das cores vem da emo\u00e7\u00e3o, dos pensamentos e dos sentimentos que elas nos proporcionam. Dos significados criados historicamente \u00e0s rea\u00e7\u00f5es biol\u00f3gicas profundas, n\u00f3s criamos hist\u00f3rias para as cores conforme elas d\u00e3o conte\u00fado ao nosso mundo visual.<\/p>\n<p>Para criar seu relat\u00f3rio anual de Tend\u00eancias de cores, a Shutterstock buscou aquelas que apareceram mais no \u00faltimo ano e que foram mais exibidas do que nunca em downloads de imagens. Ao observar os dados do c\u00f3digo hexadecimal em cada pixel, \u00e9 poss\u00edvel ver os matizes que v\u00e3o dominar o ano que est\u00e1 por vir. Essas s\u00e3o as cores que contar\u00e3o a hist\u00f3ria de 2021, atraindo todos os p\u00fablicos para imagens no mundo inteiro.<\/p>\n<p>&nbsp;<\/p>\n<\/div>\n<h4 class=\"section__title\">Champanhe Veleiro<\/h4>\n<p>#FAEBD7<\/p>\n<p><img loading=\"lazy\" class=\"aligncenter size-large wp-image-15801\" src=\"https:\/\/www.aunica.com\/wp-content\/uploads\/2020\/11\/Set-Sail_Collage_1-1024x682.jpg\" alt=\"Shutterstock Tend\u00eancias Cores 2021 Champanhe Veleiro\" width=\"1024\" height=\"682\" \/><\/p>\n<p>Consegue ver as velas se levantando em seu navio de fuga? Depois de um ano de mudan\u00e7as radicais, todos n\u00f3s gostar\u00edamos de embarcar para longe de tudo isso. Com essa sensa\u00e7\u00e3o suave e org\u00e2nica, Champanhe Veleiro \u00e9 uma tela em branco natural e de fuga. Fa\u00e7a dela o que quiser (ou precisar).<\/p>\n<p>A cor Champanhe Veleiro tem um matiz natural que pode ser usado em qualquer esquema, principalmente em paletas de cores em tom de terra, marrom, taupe e verde. Se voc\u00ea olhar de perto, perceber\u00e1 que a cor Champanhe Veleiro possui um tom suave e esbranqui\u00e7ado de laranja. O brilho de sua cor prim\u00e1ria faz com que ela seja um complemento para esquemas em tons de azul: exatamente como um veleiro em mar aberto. Experimente mistur\u00e1-la com um cl\u00e1ssico azul beb\u00ea ou azul-petr\u00f3leo oce\u00e2nico, bem como nossa cor Verde Mar\u00e9 deste ano. Como um laranja pastel, a cor Champanhe Veleiro tamb\u00e9m se encaixa em qualquer paleta de cores past\u00e9is. D\u00ea um tratamento moderno para as cores claras com um gradiente brilhante e hologr\u00e1fico de suas cores an\u00e1logas: cor-de-rosa e verde lim\u00e3o suave.<\/p>\n<p>&nbsp;<\/p>\n<\/div>\n<h4 class=\"section__title\">Dourado Fortuna<\/h4>\n<p>#DAA520<\/p>\n<p><img loading=\"lazy\" class=\"aligncenter size-large wp-image-15803\" src=\"https:\/\/www.aunica.com\/wp-content\/uploads\/2020\/11\/Fortuna-Gold_Collage_1-1024x682.jpg\" alt=\"Shutterstock Cores 2021 Fortuna Gold\" width=\"1024\" height=\"682\" \/><\/p>\n<p>Fortuna \u00e9 a deusa romana da sorte. Talvez voc\u00ea a conhe\u00e7a como Lady Luck. Este dourado quente e profundo \u00e9 a cor dela, que representa acontecimentos fortuitos e boas coincid\u00eancias. Como a luz do sol na \u201chora dourada\u201d ou as folhas de outono revestindo as ruas da cidade, \u00e9 poss\u00edvel encontrar esse amarelo magn\u00edfico em breves e brilhantes momentos de felicidade da vida.<\/p>\n<p>Dourado Fortuna \u00e9 um tom escuro e suntuoso de amarelo. Seu espectro cont\u00e9m varia\u00e7\u00f5es de ouro, de tons past\u00e9is brilhantes ao castanho dourado escuro e quase met\u00e1lico. O complemento direto do Dourado Fortuna \u00e9 o azul cer\u00faleo, criando uma paleta atraente que remete a campos de trigo e a um c\u00e9u azul profundo. Para uma paleta de cores mais suaves, experimente misturar o Dourado Fortuna com o Champanhe Veleiro e outros tons de terra, como terracota ou ocre. No fundo, este dourado \u00e9 dram\u00e1tico e gosta de se misturar com outras cores intensas. Crie uma paleta impressionante unindo tons de \u00e2mbar e misture o Dourado Fortuna com outros tons de joias, como roxo ametista e verde turquesa.<\/p>\n<p>&nbsp;<\/p>\n<\/div>\n<h4 class=\"section__title\">Verde Mar\u00e9<\/h4>\n<p>#2F4F4F<\/p>\n<p><img loading=\"lazy\" class=\"aligncenter size-large wp-image-15806\" src=\"https:\/\/www.aunica.com\/wp-content\/uploads\/2020\/11\/collage-tidewater-green-1024x682.jpg\" alt=\"Shutterstock Trends Cores 2021 Verde Mar\u00e9\" width=\"1024\" height=\"682\" \/><\/p>\n<p>Assim como o p\u00f4r do sol, as mudan\u00e7as de esta\u00e7\u00f5es e a rota\u00e7\u00e3o da Terra, a baixa e a alta das mar\u00e9s do oceano s\u00e3o constantes. Verde Mar\u00e9 \u00e9 um lembrete de que a mudan\u00e7a \u00e9 um presente. Este azul-petr\u00f3leo profundo e fundido se apresenta em tons de azul e amarelo, destacando sua capacidade de mudan\u00e7a. Representando ao mesmo tempo a densa copa das \u00e1rvores das florestas e um fluxo d\u2019\u00e1gua escuro, a beleza da cor Verde Mar\u00e9 reside em sua natureza fluida.<\/p>\n<p>A cor base da Verde Mar\u00e9 \u00e9 o azul-petr\u00f3leo, tornando este matiz um tom acinzentado de azul esverdeado. Com suas ra\u00edzes nos espectros azul e verde, a cor Verde Mar\u00e9 apresenta uma s\u00e9rie complexa de complementos. No c\u00edrculo crom\u00e1tico, sua companhia direta \u00e9 outra cor h\u00edbrida, o vermelho alaranjado. Essas cores combinam bem em esquemas supersaturados que imitam o azul esverdeado do oceano e os tons quentes de cores vistas em peixes e recifes de coral. A Verde Mar\u00e9 tamb\u00e9m funciona como um tom de cinza forte de car\u00e1ter inconfund\u00edvel. Use-a para real\u00e7ar paletas mais claras e brilhantes com suas equivalentes tri\u00e1dicas, como lavanda ou um moderno verde s\u00e1lvia.<\/p>\n<p>&nbsp;<\/p>\n<\/div>\n<header class=\"section__header\">\n<div class=\"inner section__inner\">\n<h4 class=\"section__title\">Tend\u00eancias globais de cores<\/h4>\n<\/div>\n<\/header>\n<div class=\"inner doc__content doc__content--single\">\n<div class=\"doc__layout\">\n<div class=\"content-column\">\n<div class=\"entry-content entry-content--single section-content\">\n<p>Cores t\u00eam profundo significado emocional, comunicando temas abrangentes e pequenas caracter\u00edsticas das culturas que as utilizam. As principais cores de 20 pa\u00edses ao redor do mundo mostram como elas dar\u00e3o vida a experi\u00eancias \u00fanicas de cada local e seus habitantes em 2021.<\/p>\n<p><img loading=\"lazy\" class=\"aligncenter wp-image-15808 size-full\" src=\"https:\/\/www.aunica.com\/wp-content\/uploads\/2020\/11\/Color-Trends-Shutterstock-2021.png\" alt=\"Color Trends Shutterstock 2021\" width=\"1029\" height=\"2098\" \/><\/p>\n<\/div>\n<\/div>\n<\/div>\n<p><a href=\"https:\/\/www.shutterstock.com\/blog\/trends\/pt\/color-trends\" target=\"_blank\" rel=\"noopener noreferrer\">Clique aqui e veja material completo no site da Shutterstock.<\/a><\/p>\n<p>&nbsp;<\/p>\n<div class=\"doc__layout\">\n<p><img loading=\"lazy\" class=\"aligncenter size-large wp-image-15545\" src=\"https:\/\/www.aunica.com\/wp-content\/uploads\/2020\/10\/header_institucional-1-e1603289042533-1024x207.png\" alt=\"aunica Data Driven Marketing\" width=\"1024\" height=\"207\" \/><\/p>\n<p>Refer\u00eancia em Data Driven Marketing, a\u00a0<strong>aunica<\/strong>\u00a0completa 16 anos de muito sucesso e \u00e9 reconhecida como uma das pioneiras no uso de inova\u00e7\u00f5es tecnol\u00f3gicas em campanhas de marketing digital e marketing de dados no mercado brasileiro. Descubra como combinar o melhor da an\u00e1lise de dados com a criatividade para explorar todo potencial de gera\u00e7\u00e3o de neg\u00f3cios da internet.<\/p>\n<p><a href=\"https:\/\/www.aunica.com\/\">www.aunica.com<\/a><\/p>\n<div class=\"content-column\">\n<div class=\"entry-content entry-content--single section-content\">\n<p>&nbsp;<\/p>\n<\/div>\n<\/div>\n<\/div>\n<\/div>\n","protected":false},"excerpt":{"rendered":"<p>Fonte: Shutterstock Veja quais ser\u00e3o as tend\u00eancias de cores para 2021 As cores s\u00e3o muito importantes em todas as nossas experi\u00eancias. Mesmo que voc\u00ea n\u00e3o perceba, elas est\u00e3o l\u00e1, moldando lugares ou dando um toque a uma imagem com calor ou frieza, luminosidade ou escurid\u00e3o, similaridade ou contraste. O poder das cores vem da emo\u00e7\u00e3o, [&hellip;]<\/p>\n","protected":false},"author":2,"featured_media":15811,"comment_status":"open","ping_status":"open","sticky":false,"template":"","format":"standard","meta":{"content-type":""},"categories":[26],"tags":[427,54,428,429,430,293,431,142,432,433,374,434,212,435,436,437,73,438,31,439,134,247,440],"acf":[],"yoast_head":"<!-- This site is optimized with the Yoast SEO plugin v19.8 - https:\/\/yoast.com\/wordpress\/plugins\/seo\/ -->\n<title>Veja quais ser\u00e3o as tend\u00eancias de cores para 2021<\/title>\n<meta name=\"description\" content=\"O poder das cores vem da emo\u00e7\u00e3o, dos pensamentos e dos sentimentos que elas nos proporcionam. Veja quais ser\u00e3o as tend\u00eancias de cores para 2021.\" \/>\n<meta name=\"robots\" content=\"index, follow, max-snippet:-1, max-image-preview:large, max-video-preview:-1\" \/>\n<meta property=\"og:locale\" content=\"en_US\" \/>\n<meta property=\"og:type\" content=\"article\" \/>\n<meta property=\"og:title\" content=\"Veja quais ser\u00e3o as tend\u00eancias de cores para 2021\" \/>\n<meta property=\"og:description\" content=\"O poder das cores vem da emo\u00e7\u00e3o, dos pensamentos e dos sentimentos que elas nos proporcionam. Veja quais ser\u00e3o as tend\u00eancias de cores para 2021.\" \/>\n<meta property=\"og:url\" content=\"https:\/\/www.aunica.com\/veja-quais-serao-as-tendencias-de-cores-para-2021\/\" \/>\n<meta property=\"og:site_name\" content=\"aunica Interactive Marketing | Since 2004\" \/>\n<meta property=\"article:published_time\" content=\"2020-11-21T15:48:10+00:00\" \/>\n<meta name=\"author\" content=\"Alexandre Azevedo\" \/>\n<meta name=\"twitter:card\" content=\"summary_large_image\" \/>\n<meta name=\"twitter:label1\" content=\"Written by\" \/>\n\t<meta name=\"twitter:data1\" content=\"Alexandre Azevedo\" \/>\n\t<meta name=\"twitter:label2\" content=\"Est. reading time\" \/>\n\t<meta name=\"twitter:data2\" content=\"5 minutes\" \/>\n<script type=\"application\/ld+json\" class=\"yoast-schema-graph\">{\"@context\":\"https:\/\/schema.org\",\"@graph\":[{\"@type\":\"WebPage\",\"@id\":\"https:\/\/www.aunica.com\/veja-quais-serao-as-tendencias-de-cores-para-2021\/\",\"url\":\"https:\/\/www.aunica.com\/veja-quais-serao-as-tendencias-de-cores-para-2021\/\",\"name\":\"Veja quais ser\u00e3o as tend\u00eancias de cores para 2021\",\"isPartOf\":{\"@id\":\"https:\/\/www.aunica.com\/#website\"},\"datePublished\":\"2020-11-21T15:48:10+00:00\",\"dateModified\":\"2020-11-21T15:48:10+00:00\",\"author\":{\"@id\":\"https:\/\/www.aunica.com\/#\/schema\/person\/877c5c82a0b2c748d572ee40df692ae3\"},\"description\":\"O poder das cores vem da emo\u00e7\u00e3o, dos pensamentos e dos sentimentos que elas nos proporcionam. Veja quais ser\u00e3o as tend\u00eancias de cores para 2021.\",\"breadcrumb\":{\"@id\":\"https:\/\/www.aunica.com\/veja-quais-serao-as-tendencias-de-cores-para-2021\/#breadcrumb\"},\"inLanguage\":\"en-US\",\"potentialAction\":[{\"@type\":\"ReadAction\",\"target\":[\"https:\/\/www.aunica.com\/veja-quais-serao-as-tendencias-de-cores-para-2021\/\"]}]},{\"@type\":\"BreadcrumbList\",\"@id\":\"https:\/\/www.aunica.com\/veja-quais-serao-as-tendencias-de-cores-para-2021\/#breadcrumb\",\"itemListElement\":[{\"@type\":\"ListItem\",\"position\":1,\"name\":\"Home\",\"item\":\"https:\/\/www.aunica.com\/en\/\"},{\"@type\":\"ListItem\",\"position\":2,\"name\":\"Veja quais ser\u00e3o as tend\u00eancias de cores para 2021\"}]},{\"@type\":\"WebSite\",\"@id\":\"https:\/\/www.aunica.com\/#website\",\"url\":\"https:\/\/www.aunica.com\/\",\"name\":\"aunica Interactive Marketing | Since 2004\",\"description\":\"Especialistas em Data Driven Marketing\",\"potentialAction\":[{\"@type\":\"SearchAction\",\"target\":{\"@type\":\"EntryPoint\",\"urlTemplate\":\"https:\/\/www.aunica.com\/?s={search_term_string}\"},\"query-input\":\"required name=search_term_string\"}],\"inLanguage\":\"en-US\"},{\"@type\":\"Person\",\"@id\":\"https:\/\/www.aunica.com\/#\/schema\/person\/877c5c82a0b2c748d572ee40df692ae3\",\"name\":\"Alexandre Azevedo\",\"image\":{\"@type\":\"ImageObject\",\"inLanguage\":\"en-US\",\"@id\":\"https:\/\/www.aunica.com\/#\/schema\/person\/image\/\",\"url\":\"https:\/\/secure.gravatar.com\/avatar\/29a4ee4e38e88212364a8220f2f1a886?s=96&d=mm&r=g\",\"contentUrl\":\"https:\/\/secure.gravatar.com\/avatar\/29a4ee4e38e88212364a8220f2f1a886?s=96&d=mm&r=g\",\"caption\":\"Alexandre Azevedo\"},\"url\":\"https:\/\/www.aunica.com\/en\/author\/alexandre-azevedoaunica-com\/\"}]}<\/script>\n<!-- \/ Yoast SEO plugin. -->","yoast_head_json":{"title":"Veja quais ser\u00e3o as tend\u00eancias de cores para 2021","description":"O poder das cores vem da emo\u00e7\u00e3o, dos pensamentos e dos sentimentos que elas nos proporcionam. Veja quais ser\u00e3o as tend\u00eancias de cores para 2021.","robots":{"index":"index","follow":"follow","max-snippet":"max-snippet:-1","max-image-preview":"max-image-preview:large","max-video-preview":"max-video-preview:-1"},"og_locale":"en_US","og_type":"article","og_title":"Veja quais ser\u00e3o as tend\u00eancias de cores para 2021","og_description":"O poder das cores vem da emo\u00e7\u00e3o, dos pensamentos e dos sentimentos que elas nos proporcionam. Veja quais ser\u00e3o as tend\u00eancias de cores para 2021.","og_url":"https:\/\/www.aunica.com\/veja-quais-serao-as-tendencias-de-cores-para-2021\/","og_site_name":"aunica Interactive Marketing | Since 2004","article_published_time":"2020-11-21T15:48:10+00:00","author":"Alexandre Azevedo","twitter_card":"summary_large_image","twitter_misc":{"Written by":"Alexandre Azevedo","Est. reading time":"5 minutes"},"schema":{"@context":"https:\/\/schema.org","@graph":[{"@type":"WebPage","@id":"https:\/\/www.aunica.com\/veja-quais-serao-as-tendencias-de-cores-para-2021\/","url":"https:\/\/www.aunica.com\/veja-quais-serao-as-tendencias-de-cores-para-2021\/","name":"Veja quais ser\u00e3o as tend\u00eancias de cores para 2021","isPartOf":{"@id":"https:\/\/www.aunica.com\/#website"},"datePublished":"2020-11-21T15:48:10+00:00","dateModified":"2020-11-21T15:48:10+00:00","author":{"@id":"https:\/\/www.aunica.com\/#\/schema\/person\/877c5c82a0b2c748d572ee40df692ae3"},"description":"O poder das cores vem da emo\u00e7\u00e3o, dos pensamentos e dos sentimentos que elas nos proporcionam. Veja quais ser\u00e3o as tend\u00eancias de cores para 2021.","breadcrumb":{"@id":"https:\/\/www.aunica.com\/veja-quais-serao-as-tendencias-de-cores-para-2021\/#breadcrumb"},"inLanguage":"en-US","potentialAction":[{"@type":"ReadAction","target":["https:\/\/www.aunica.com\/veja-quais-serao-as-tendencias-de-cores-para-2021\/"]}]},{"@type":"BreadcrumbList","@id":"https:\/\/www.aunica.com\/veja-quais-serao-as-tendencias-de-cores-para-2021\/#breadcrumb","itemListElement":[{"@type":"ListItem","position":1,"name":"Home","item":"https:\/\/www.aunica.com\/en\/"},{"@type":"ListItem","position":2,"name":"Veja quais ser\u00e3o as tend\u00eancias de cores para 2021"}]},{"@type":"WebSite","@id":"https:\/\/www.aunica.com\/#website","url":"https:\/\/www.aunica.com\/","name":"aunica Interactive Marketing | Since 2004","description":"Especialistas em Data Driven Marketing","potentialAction":[{"@type":"SearchAction","target":{"@type":"EntryPoint","urlTemplate":"https:\/\/www.aunica.com\/?s={search_term_string}"},"query-input":"required name=search_term_string"}],"inLanguage":"en-US"},{"@type":"Person","@id":"https:\/\/www.aunica.com\/#\/schema\/person\/877c5c82a0b2c748d572ee40df692ae3","name":"Alexandre Azevedo","image":{"@type":"ImageObject","inLanguage":"en-US","@id":"https:\/\/www.aunica.com\/#\/schema\/person\/image\/","url":"https:\/\/secure.gravatar.com\/avatar\/29a4ee4e38e88212364a8220f2f1a886?s=96&d=mm&r=g","contentUrl":"https:\/\/secure.gravatar.com\/avatar\/29a4ee4e38e88212364a8220f2f1a886?s=96&d=mm&r=g","caption":"Alexandre Azevedo"},"url":"https:\/\/www.aunica.com\/en\/author\/alexandre-azevedoaunica-com\/"}]}},"_links":{"self":[{"href":"https:\/\/www.aunica.com\/en\/wp-json\/wp\/v2\/posts\/15798"}],"collection":[{"href":"https:\/\/www.aunica.com\/en\/wp-json\/wp\/v2\/posts"}],"about":[{"href":"https:\/\/www.aunica.com\/en\/wp-json\/wp\/v2\/types\/post"}],"author":[{"embeddable":true,"href":"https:\/\/www.aunica.com\/en\/wp-json\/wp\/v2\/users\/2"}],"replies":[{"embeddable":true,"href":"https:\/\/www.aunica.com\/en\/wp-json\/wp\/v2\/comments?post=15798"}],"version-history":[{"count":0,"href":"https:\/\/www.aunica.com\/en\/wp-json\/wp\/v2\/posts\/15798\/revisions"}],"wp:featuredmedia":[{"embeddable":true,"href":"https:\/\/www.aunica.com\/en\/wp-json\/"}],"wp:attachment":[{"href":"https:\/\/www.aunica.com\/en\/wp-json\/wp\/v2\/media?parent=15798"}],"wp:term":[{"taxonomy":"category","embeddable":true,"href":"https:\/\/www.aunica.com\/en\/wp-json\/wp\/v2\/categories?post=15798"},{"taxonomy":"post_tag","embeddable":true,"href":"https:\/\/www.aunica.com\/en\/wp-json\/wp\/v2\/tags?post=15798"}],"curies":[{"name":"wp","href":"https:\/\/api.w.org\/{rel}","templated":true}]}}