{"id":15884,"date":"2020-12-21T00:53:54","date_gmt":"2020-12-21T00:53:54","guid":{"rendered":"https:\/\/www.aunica.com\/?p=15884"},"modified":"2024-10-30T11:19:14","modified_gmt":"2024-10-30T11:19:14","slug":"roberto-eckersdorff-participa-de-programa-na-jovem-pan-e-questiona-o-ministro-marcos-pontes-sobre-o-novo-marco-legal-das-startups","status":"publish","type":"post","link":"https:\/\/www.aunica.com\/en\/roberto-eckersdorff-participa-de-programa-na-jovem-pan-e-questiona-o-ministro-marcos-pontes-sobre-o-novo-marco-legal-das-startups\/","title":{"rendered":"Roberto Eckersdorff participa de programa na Jovem Pan e questiona o ministro Marcos Pontes sobre o Novo Marco Legal das Startups."},"content":{"rendered":"<p><img loading=\"lazy\" class=\"aligncenter wp-image-15887\" src=\"https:\/\/www.aunica.com\/wp-content\/uploads\/2020\/12\/WhatsApp-Image-2020-12-18-at-23.57.00-1024x571.jpeg\" alt=\"Direto ao Ponto Marco Pontes Roberto Eckersdorff\" width=\"600\" height=\"334\" \/><\/p>\n<p><strong>Marcos Pontes<\/strong>, ministro da Ci\u00eancia, Tecnologia, Inova\u00e7\u00f5es e Comunica\u00e7\u00f5es, \u00e9 o pr\u00f3ximo entrevistado do programa &#8220;<a href=\"https:\/\/jovempan.com.br\/programas\/direto-ao-ponto\" target=\"_blank\" rel=\"noopener noreferrer\"><strong>Direto ao Ponto<\/strong><\/a>&#8220;, da <strong>Jovem Pan<\/strong>, que \u00e9 apresentado por Augusto Nunes e vai ao ar nesta segunda-feira, 21 de Dezembro. O \u201cDireto ao Ponto\u201d vai ao ar todas \u00e0s segundas-feiras das 21h30 \u00e0s 23h e \u00e9 transmitido pelo <strong><a href=\"https:\/\/www.youtube.com\/user\/portaljovempan\" target=\"_blank\" rel=\"noopener noreferrer\">canal Jovem Pan New<\/a><\/strong>s, no YouTube, pelo <strong><a href=\"https:\/\/www.panflix.com.br\/\" target=\"_blank\" rel=\"noopener noreferrer\">Panflix<\/a><\/strong> e pelo <a href=\"https:\/\/jovempan.com.br\/programas\/direto-ao-ponto\" target=\"_blank\" rel=\"noopener noreferrer\"><strong>site da Jovem Pan<\/strong><\/a>. Juntamente com grandes nomes do setor de tecnologia, o CEO da <a href=\"https:\/\/www.aunica.com\/\" target=\"_blank\" rel=\"noopener noreferrer\"><strong>aunica Interactive Marketing<\/strong><\/a> Roberto Eckersdorff participa de programa como um dos entrevistadores e questiona o ministro Marcos Pontes sobre o Novo Marco Legal das Startups.<\/p>\n<p><strong><a href=\"https:\/\/www.youtube.com\/watch?v=mmAWowsJx1g&amp;feature=emb_title\" target=\"_blank\" rel=\"noopener noreferrer\"><span lang=\"PT-BR\">Novo Marco Legal das Startups<\/span><\/a><\/strong><\/p>\n<p><img loading=\"lazy\" class=\"aligncenter size-full wp-image-15893\" src=\"https:\/\/www.aunica.com\/wp-content\/uploads\/2020\/12\/Novo-Marco-Legal-Startups.jpeg\" alt=\"Novo Marco Legal Startups Marcos Pontes\" width=\"768\" height=\"404\" \/><\/p>\n<p><span lang=\"PT-BR\">O projeto de lei foi criado tendo em vista o elevado potencial de crescimento econ\u00f4mico das empresas <em>startups<\/em>, sua tend\u00eancia a atuar em plataformas digitais e promover a tecnologia e inova\u00e7\u00e3o, sua melhor intera\u00e7\u00e3o com o mercado internacional e a sustentabilidade, e, por outro lado, sua maior vulnerabilidade \u00e0s falhas mercadol\u00f3gicas e aos entraves da regula\u00e7\u00e3o at\u00e9 agora existente.\u00a0<\/span><span lang=\"PT-BR\">O Marco Legal das Startups e do Empreendedorismo Inovador pretende ser um grande incentivo ao desenvolvimento dessas empresas, visando a mudar o cen\u00e1rio empresarial e regulat\u00f3rio encontrado pelas\u00a0<em>startups<\/em>\u00a0atualmente, vez que este \u00e9 pouco receptivo e cheio de obst\u00e1culos ao desenvolvimento deste modelo.<\/span><\/p>\n<h2><strong>Saiba mais sobre o programa Direto ao Ponto, da Jovem Pan, com a participa\u00e7\u00e3o do ministro Marcos Pontes. Roberto Eckersdorff participa e questiona o ministro Marcos Pontes sobre o Novo Marco Legal das Startups.<\/strong><\/h2>\n<p><img loading=\"lazy\" class=\"aligncenter wp-image-15889\" src=\"https:\/\/www.aunica.com\/wp-content\/uploads\/2020\/12\/WhatsApp-Image-2020-12-16-at-16.33.38-1024x1024.jpeg\" alt=\"Direto ao Ponto Augusto Nunes Roberto Eckersdorff\" width=\"600\" height=\"600\" \/><\/p>\n<p>Pontes \u00e9 conhecido por ser o primeiro astronauta brasileiro e vai responder perguntas sobre as vacinas contra o <strong>novo coronav\u00edrus<\/strong>, al\u00e9m de falar sobre a tecnologia\u00a0<strong>5G<\/strong>\u00a0e mais assuntos. A sabatina ser\u00e1 comandada pelo apresentador da casa\u00a0<strong>Augusto Nunes<\/strong>\u00a0e ter\u00e1 na bancada\u00a0<b>Eleonora Paschoal,<\/b>\u00a0jornalista, correspondente nos EUA e especializada em ci\u00eancia,\u00a0<strong>Guilherme Tagiaroli<\/strong>, rep\u00f3rter de UOL Tilt,\u00a0<b>Roberto Eckersdorff<\/b>\u00a0\u2013 empres\u00e1rio, CEO da\u00a0<a href=\"http:\/\/aunica.com\/\" target=\"_blank\" rel=\"noopener noreferrer\" data-saferedirecturl=\"https:\/\/www.google.com\/url?q=http:\/\/aunica.com&amp;source=gmail&amp;ust=1608405503643000&amp;usg=AFQjCNEYEXOCQ1HpC6TQ7a08fVVUYTgHxQ\">aunica.com<\/a>\u00a0e\u00a0<strong>Carlos Aros<\/strong>, jornalista e comentarista de tecnologia da Jovem Pan.<\/p>\n<p><strong>Assista o programa nesta segunda-feira, 21 de Dezembro, \u00e0s 21h30 em:<br \/>\n<\/strong><strong><a href=\"https:\/\/www.youtube.com\/user\/portaljovempan\" target=\"_blank\" rel=\"noopener noreferrer\">Canal Jovem Pan New<\/a><\/strong>s, no YouTube.<br \/>\n<strong><a href=\"https:\/\/www.panflix.com.br\/\" target=\"_blank\" rel=\"noopener noreferrer\">Panflix<\/a><br \/>\n<\/strong><a href=\"https:\/\/jovempan.com.br\/programas\/direto-ao-ponto\" target=\"_blank\" rel=\"noopener noreferrer\"><strong>Site da Jovem Pan<\/strong><\/a><\/p>\n","protected":false},"excerpt":{"rendered":"<p>Marcos Pontes, ministro da Ci\u00eancia, Tecnologia, Inova\u00e7\u00f5es e Comunica\u00e7\u00f5es, \u00e9 o pr\u00f3ximo entrevistado do programa &#8220;Direto ao Ponto&#8220;, da Jovem Pan, que \u00e9 apresentado por Augusto Nunes e vai ao ar nesta segunda-feira, 21 de Dezembro. O \u201cDireto ao Ponto\u201d vai ao ar todas \u00e0s segundas-feiras das 21h30 \u00e0s 23h e \u00e9 transmitido pelo canal [&hellip;]<\/p>\n","protected":false},"author":2,"featured_media":15896,"comment_status":"open","ping_status":"open","sticky":false,"template":"","format":"standard","meta":{"content-type":""},"categories":[130],"tags":[460,362,461,462,463,464,465,466,467,468,469,470,370,471,31],"acf":[],"yoast_head":"<!-- This site is optimized with the Yoast SEO plugin v19.8 - https:\/\/yoast.com\/wordpress\/plugins\/seo\/ -->\n<title>Roberto Eckersdorff questiona o ministro Marcos Pontes sobre o Novo Marco Legal das Startups.<\/title>\n<meta name=\"description\" content=\"O CEO da aunica integra a mesa de entrevistadores do programa &quot;Direto ao Ponto&quot;. O ministro vai responder perguntas sobre a tecnologia\u00a05G\u00a0e mais assuntos.\" \/>\n<meta name=\"robots\" content=\"index, follow, max-snippet:-1, max-image-preview:large, max-video-preview:-1\" \/>\n<meta property=\"og:locale\" content=\"en_US\" \/>\n<meta property=\"og:type\" content=\"article\" \/>\n<meta property=\"og:title\" content=\"Roberto Eckersdorff questiona o ministro Marcos Pontes sobre o Novo Marco Legal das Startups.\" \/>\n<meta property=\"og:description\" content=\"O CEO da aunica integra a mesa de entrevistadores do programa &quot;Direto ao Ponto&quot;. O ministro vai responder perguntas sobre a tecnologia\u00a05G\u00a0e mais assuntos.\" \/>\n<meta property=\"og:url\" content=\"https:\/\/www.aunica.com\/roberto-eckersdorff-participa-de-programa-na-jovem-pan-e-questiona-o-ministro-marcos-pontes-sobre-o-novo-marco-legal-das-startups\/\" \/>\n<meta property=\"og:site_name\" content=\"aunica Interactive Marketing | Since 2004\" \/>\n<meta property=\"article:published_time\" content=\"2020-12-21T00:53:54+00:00\" \/>\n<meta property=\"article:modified_time\" content=\"2024-10-30T11:19:14+00:00\" \/>\n<meta name=\"author\" content=\"Alexandre Azevedo\" \/>\n<meta name=\"twitter:card\" content=\"summary_large_image\" \/>\n<meta name=\"twitter:label1\" content=\"Written by\" \/>\n\t<meta name=\"twitter:data1\" content=\"Alexandre Azevedo\" \/>\n\t<meta name=\"twitter:label2\" content=\"Est. reading time\" \/>\n\t<meta name=\"twitter:data2\" content=\"3 minutes\" \/>\n<script type=\"application\/ld+json\" class=\"yoast-schema-graph\">{\"@context\":\"https:\/\/schema.org\",\"@graph\":[{\"@type\":\"WebPage\",\"@id\":\"https:\/\/www.aunica.com\/roberto-eckersdorff-participa-de-programa-na-jovem-pan-e-questiona-o-ministro-marcos-pontes-sobre-o-novo-marco-legal-das-startups\/\",\"url\":\"https:\/\/www.aunica.com\/roberto-eckersdorff-participa-de-programa-na-jovem-pan-e-questiona-o-ministro-marcos-pontes-sobre-o-novo-marco-legal-das-startups\/\",\"name\":\"Roberto Eckersdorff questiona o ministro Marcos Pontes sobre o Novo Marco Legal das Startups.\",\"isPartOf\":{\"@id\":\"https:\/\/www.aunica.com\/#website\"},\"datePublished\":\"2020-12-21T00:53:54+00:00\",\"dateModified\":\"2024-10-30T11:19:14+00:00\",\"author\":{\"@id\":\"https:\/\/www.aunica.com\/#\/schema\/person\/877c5c82a0b2c748d572ee40df692ae3\"},\"description\":\"O CEO da aunica integra a mesa de entrevistadores do programa \\\"Direto ao Ponto\\\". O ministro vai responder perguntas sobre a tecnologia\u00a05G\u00a0e mais assuntos.\",\"breadcrumb\":{\"@id\":\"https:\/\/www.aunica.com\/roberto-eckersdorff-participa-de-programa-na-jovem-pan-e-questiona-o-ministro-marcos-pontes-sobre-o-novo-marco-legal-das-startups\/#breadcrumb\"},\"inLanguage\":\"en-US\",\"potentialAction\":[{\"@type\":\"ReadAction\",\"target\":[\"https:\/\/www.aunica.com\/roberto-eckersdorff-participa-de-programa-na-jovem-pan-e-questiona-o-ministro-marcos-pontes-sobre-o-novo-marco-legal-das-startups\/\"]}]},{\"@type\":\"BreadcrumbList\",\"@id\":\"https:\/\/www.aunica.com\/roberto-eckersdorff-participa-de-programa-na-jovem-pan-e-questiona-o-ministro-marcos-pontes-sobre-o-novo-marco-legal-das-startups\/#breadcrumb\",\"itemListElement\":[{\"@type\":\"ListItem\",\"position\":1,\"name\":\"Home\",\"item\":\"https:\/\/www.aunica.com\/en\/\"},{\"@type\":\"ListItem\",\"position\":2,\"name\":\"Roberto Eckersdorff participa de programa na Jovem Pan e questiona o ministro Marcos Pontes sobre o Novo Marco Legal das Startups.\"}]},{\"@type\":\"WebSite\",\"@id\":\"https:\/\/www.aunica.com\/#website\",\"url\":\"https:\/\/www.aunica.com\/\",\"name\":\"aunica Interactive Marketing | Since 2004\",\"description\":\"Especialistas em Data Driven Marketing\",\"potentialAction\":[{\"@type\":\"SearchAction\",\"target\":{\"@type\":\"EntryPoint\",\"urlTemplate\":\"https:\/\/www.aunica.com\/?s={search_term_string}\"},\"query-input\":\"required name=search_term_string\"}],\"inLanguage\":\"en-US\"},{\"@type\":\"Person\",\"@id\":\"https:\/\/www.aunica.com\/#\/schema\/person\/877c5c82a0b2c748d572ee40df692ae3\",\"name\":\"Alexandre Azevedo\",\"image\":{\"@type\":\"ImageObject\",\"inLanguage\":\"en-US\",\"@id\":\"https:\/\/www.aunica.com\/#\/schema\/person\/image\/\",\"url\":\"https:\/\/secure.gravatar.com\/avatar\/29a4ee4e38e88212364a8220f2f1a886?s=96&d=mm&r=g\",\"contentUrl\":\"https:\/\/secure.gravatar.com\/avatar\/29a4ee4e38e88212364a8220f2f1a886?s=96&d=mm&r=g\",\"caption\":\"Alexandre Azevedo\"},\"url\":\"https:\/\/www.aunica.com\/en\/author\/alexandre-azevedoaunica-com\/\"}]}<\/script>\n<!-- \/ Yoast SEO plugin. -->","yoast_head_json":{"title":"Roberto Eckersdorff questiona o ministro Marcos Pontes sobre o Novo Marco Legal das Startups.","description":"O CEO da aunica integra a mesa de entrevistadores do programa \"Direto ao Ponto\". O ministro vai responder perguntas sobre a tecnologia\u00a05G\u00a0e mais assuntos.","robots":{"index":"index","follow":"follow","max-snippet":"max-snippet:-1","max-image-preview":"max-image-preview:large","max-video-preview":"max-video-preview:-1"},"og_locale":"en_US","og_type":"article","og_title":"Roberto Eckersdorff questiona o ministro Marcos Pontes sobre o Novo Marco Legal das Startups.","og_description":"O CEO da aunica integra a mesa de entrevistadores do programa \"Direto ao Ponto\". O ministro vai responder perguntas sobre a tecnologia\u00a05G\u00a0e mais assuntos.","og_url":"https:\/\/www.aunica.com\/roberto-eckersdorff-participa-de-programa-na-jovem-pan-e-questiona-o-ministro-marcos-pontes-sobre-o-novo-marco-legal-das-startups\/","og_site_name":"aunica Interactive Marketing | Since 2004","article_published_time":"2020-12-21T00:53:54+00:00","article_modified_time":"2024-10-30T11:19:14+00:00","author":"Alexandre Azevedo","twitter_card":"summary_large_image","twitter_misc":{"Written by":"Alexandre Azevedo","Est. reading time":"3 minutes"},"schema":{"@context":"https:\/\/schema.org","@graph":[{"@type":"WebPage","@id":"https:\/\/www.aunica.com\/roberto-eckersdorff-participa-de-programa-na-jovem-pan-e-questiona-o-ministro-marcos-pontes-sobre-o-novo-marco-legal-das-startups\/","url":"https:\/\/www.aunica.com\/roberto-eckersdorff-participa-de-programa-na-jovem-pan-e-questiona-o-ministro-marcos-pontes-sobre-o-novo-marco-legal-das-startups\/","name":"Roberto Eckersdorff questiona o ministro Marcos Pontes sobre o Novo Marco Legal das Startups.","isPartOf":{"@id":"https:\/\/www.aunica.com\/#website"},"datePublished":"2020-12-21T00:53:54+00:00","dateModified":"2024-10-30T11:19:14+00:00","author":{"@id":"https:\/\/www.aunica.com\/#\/schema\/person\/877c5c82a0b2c748d572ee40df692ae3"},"description":"O CEO da aunica integra a mesa de entrevistadores do programa \"Direto ao Ponto\". O ministro vai responder perguntas sobre a tecnologia\u00a05G\u00a0e mais assuntos.","breadcrumb":{"@id":"https:\/\/www.aunica.com\/roberto-eckersdorff-participa-de-programa-na-jovem-pan-e-questiona-o-ministro-marcos-pontes-sobre-o-novo-marco-legal-das-startups\/#breadcrumb"},"inLanguage":"en-US","potentialAction":[{"@type":"ReadAction","target":["https:\/\/www.aunica.com\/roberto-eckersdorff-participa-de-programa-na-jovem-pan-e-questiona-o-ministro-marcos-pontes-sobre-o-novo-marco-legal-das-startups\/"]}]},{"@type":"BreadcrumbList","@id":"https:\/\/www.aunica.com\/roberto-eckersdorff-participa-de-programa-na-jovem-pan-e-questiona-o-ministro-marcos-pontes-sobre-o-novo-marco-legal-das-startups\/#breadcrumb","itemListElement":[{"@type":"ListItem","position":1,"name":"Home","item":"https:\/\/www.aunica.com\/en\/"},{"@type":"ListItem","position":2,"name":"Roberto Eckersdorff participa de programa na Jovem Pan e questiona o ministro Marcos Pontes sobre o Novo Marco Legal das Startups."}]},{"@type":"WebSite","@id":"https:\/\/www.aunica.com\/#website","url":"https:\/\/www.aunica.com\/","name":"aunica Interactive Marketing | Since 2004","description":"Especialistas em Data Driven Marketing","potentialAction":[{"@type":"SearchAction","target":{"@type":"EntryPoint","urlTemplate":"https:\/\/www.aunica.com\/?s={search_term_string}"},"query-input":"required name=search_term_string"}],"inLanguage":"en-US"},{"@type":"Person","@id":"https:\/\/www.aunica.com\/#\/schema\/person\/877c5c82a0b2c748d572ee40df692ae3","name":"Alexandre Azevedo","image":{"@type":"ImageObject","inLanguage":"en-US","@id":"https:\/\/www.aunica.com\/#\/schema\/person\/image\/","url":"https:\/\/secure.gravatar.com\/avatar\/29a4ee4e38e88212364a8220f2f1a886?s=96&d=mm&r=g","contentUrl":"https:\/\/secure.gravatar.com\/avatar\/29a4ee4e38e88212364a8220f2f1a886?s=96&d=mm&r=g","caption":"Alexandre Azevedo"},"url":"https:\/\/www.aunica.com\/en\/author\/alexandre-azevedoaunica-com\/"}]}},"_links":{"self":[{"href":"https:\/\/www.aunica.com\/en\/wp-json\/wp\/v2\/posts\/15884"}],"collection":[{"href":"https:\/\/www.aunica.com\/en\/wp-json\/wp\/v2\/posts"}],"about":[{"href":"https:\/\/www.aunica.com\/en\/wp-json\/wp\/v2\/types\/post"}],"author":[{"embeddable":true,"href":"https:\/\/www.aunica.com\/en\/wp-json\/wp\/v2\/users\/2"}],"replies":[{"embeddable":true,"href":"https:\/\/www.aunica.com\/en\/wp-json\/wp\/v2\/comments?post=15884"}],"version-history":[{"count":1,"href":"https:\/\/www.aunica.com\/en\/wp-json\/wp\/v2\/posts\/15884\/revisions"}],"predecessor-version":[{"id":97035,"href":"https:\/\/www.aunica.com\/en\/wp-json\/wp\/v2\/posts\/15884\/revisions\/97035"}],"wp:featuredmedia":[{"embeddable":true,"href":"https:\/\/www.aunica.com\/en\/wp-json\/"}],"wp:attachment":[{"href":"https:\/\/www.aunica.com\/en\/wp-json\/wp\/v2\/media?parent=15884"}],"wp:term":[{"taxonomy":"category","embeddable":true,"href":"https:\/\/www.aunica.com\/en\/wp-json\/wp\/v2\/categories?post=15884"},{"taxonomy":"post_tag","embeddable":true,"href":"https:\/\/www.aunica.com\/en\/wp-json\/wp\/v2\/tags?post=15884"}],"curies":[{"name":"wp","href":"https:\/\/api.w.org\/{rel}","templated":true}]}}