{"id":15907,"date":"2020-12-23T15:07:57","date_gmt":"2020-12-23T15:07:57","guid":{"rendered":"https:\/\/www.aunica.com\/?p=15907"},"modified":"2020-12-23T15:07:57","modified_gmt":"2020-12-23T15:07:57","slug":"entrevista-ministro-marcos-pontes-jovem-pan","status":"publish","type":"post","link":"https:\/\/www.aunica.com\/en\/entrevista-ministro-marcos-pontes-jovem-pan\/","title":{"rendered":"Ministro Marcos Pontes fala sobre o Marco Legal das Startups, a Tecnologia 5G e muito mais."},"content":{"rendered":"<p>No \u00faltimo dia 21 de Dezembro foi ao ar na Jovem Pan a entrevista com o <strong>ministro Marcos Pontes<\/strong>, que \u00e9 respons\u00e1vel pelo <strong>Minist\u00e9rio da Ci\u00eancia, Tecnologia e Inova\u00e7\u00f5es (MCTI)<\/strong> do Brasil. Realizada no programa <strong>&#8220;Direto ao Ponto&#8221;<\/strong>, a entrevista contou com a participa\u00e7\u00e3o de importantes personalidades, incluindo o <strong>CEO da aunica Roberto Eckersdorff<\/strong>. Confira a \u00edntegra do v\u00eddeo em que o ministro Marcos Pontes fala sobre o Marco Legal das Startups, a Tecnologia 5G e muito mais.<\/p>\n<h4><strong>Entrevista: Ministro Marcos Pontes fala sobre o Marco Legal das Startups, a Tecnologia 5G, a Primeira Astronauta Brasileira e muito mais.<\/strong><\/h4>\n<p><iframe loading=\"lazy\" title=\"MARCOS PONTES - DIRETO AO PONTO - 21\/12\/20\" width=\"1170\" height=\"658\" src=\"about:blank\" frameborder=\"0\" allow=\"accelerometer; autoplay; clipboard-write; encrypted-media; gyroscope; picture-in-picture; web-share\" allowfullscreen=\"\" class=\"lazyload\" data-src=\"https:\/\/www.youtube.com\/embed\/vuOHErbIliI?feature=oembed\"><\/iframe><\/p>\n<h4><strong>Participa\u00e7\u00e3o do nosso CEO Roberto Eckersdorff<\/strong><\/h4>\n<p>Juntamente com grandes nomes do setor de tecnologia, o CEO da\u00a0<strong>aunica <\/strong><a href=\"https:\/\/www.linkedin.com\/in\/eckersdorff\/\" target=\"_blank\" rel=\"noopener noreferrer\"><strong>Roberto Eckersdorff<\/strong><\/a> participou do programa como um dos entrevistadores e fez importantes questionamentos para o <a href=\"https:\/\/www.linkedin.com\/in\/marcospontes\/\" target=\"_blank\" rel=\"noopener noreferrer\"><strong>ministro Marcos Pontes<\/strong><\/a> sobre temas atuais como o <a href=\"https:\/\/www.gov.br\/mcti\/pt-br\/acompanhe-o-mcti\/noticias\/2020\/12\/marco-legal-das-startups-e-aprovado-pela-camara-dos-deputados\" target=\"_blank\" rel=\"noopener noreferrer\"><strong>Marco Legal das Startups<\/strong><\/a>, a <a href=\"https:\/\/www.gov.br\/mcti\/pt-br\/acompanhe-o-mcti\/noticias\/2020\/12\/lei-da-internet-das-coisas-e-sancionada-pelo-presidente-da-republica\" target=\"_blank\" rel=\"noopener noreferrer\"><strong>Desonera\u00e7\u00e3o de IoTs<\/strong><\/a>, a Primeira Astronauta Brasileira, etc.<\/p>\n<p>A sabatina foi comandada pelo apresentador da casa <strong>Augusto Nunes<\/strong> e teve na bancada tamb\u00e9m a jornalista <b>Eleonora Paschoal,<\/b> que \u00e9 correspondente nos EUA e especializada em ci\u00eancia, <strong>Guilherme Tagiaroli<\/strong>, rep\u00f3rter de UOL Tilt, e <strong>Carlos Aros<\/strong>, jornalista e comentarista de tecnologia da Jovem Pan.<\/p>\n<p><img loading=\"lazy\" class=\"aligncenter wp-image-15911\" src=\"https:\/\/www.aunica.com\/wp-content\/uploads\/2020\/12\/Entrevista1-1024x498.jpg\" alt=\"Entrevista Marcos Pontes Roberto Eckersdorff\" width=\"600\" height=\"292\" \/><\/p>\n<p><img loading=\"lazy\" class=\"aligncenter wp-image-15913\" src=\"https:\/\/www.aunica.com\/wp-content\/uploads\/2020\/12\/Entrevista2-1024x498.jpg\" alt=\"\" width=\"600\" height=\"292\" \/><\/p>\n<p><img loading=\"lazy\" class=\"aligncenter wp-image-15915\" src=\"https:\/\/www.aunica.com\/wp-content\/uploads\/2020\/12\/Entrevista3-1024x498.jpg\" alt=\"\" width=\"600\" height=\"292\" \/><\/p>\n<p><img loading=\"lazy\" class=\"aligncenter wp-image-15917\" src=\"https:\/\/www.aunica.com\/wp-content\/uploads\/2020\/12\/Robert_Marcos_Pontes_aunica-1024x571.jpeg\" alt=\"\" width=\"600\" height=\"334\" \/><\/p>\n<p>&nbsp;<\/p>\n<p><strong>Sobre a aunica Interactive Marketing:<\/strong><\/p>\n<p><a href=\"https:\/\/www.aunica.com\/\" target=\"_blank\" rel=\"noopener noreferrer\"><img loading=\"lazy\" class=\"aligncenter size-large wp-image-15545\" src=\"https:\/\/www.aunica.com\/wp-content\/uploads\/2020\/10\/header_institucional-1-e1603289042533-1024x207.png\" alt=\"aunica Data Driven Marketing\" width=\"1024\" height=\"207\" \/><\/a><\/p>\n<p>Refer\u00eancia em Data Driven Marketing, a\u00a0<strong>aunica<\/strong>\u00a0completa 16 anos de muito sucesso e \u00e9 reconhecida como uma das pioneiras no uso de inova\u00e7\u00f5es tecnol\u00f3gicas em campanhas de marketing digital e marketing de dados no mercado brasileiro. Descubra como combinar o melhor da an\u00e1lise de dados com a criatividade para explorar todo potencial de gera\u00e7\u00e3o de neg\u00f3cios da internet.<br \/>\n<a href=\"https:\/\/www.aunica.com\/\">www.aunica.com<\/a><\/p>\n<h3><strong>Leia tamb\u00e9m<\/strong><\/h3>\n<p class=\"entry_title text-left pb-1\"><a href=\"https:\/\/www.aunica.com\/marketing-de-dados\/o-que-dizem-os-maiores-especialistas-sobre-a-analise-de-dados\/\" target=\"_blank\" rel=\"noopener noreferrer\"><strong>O que dizem os maiores especialistas sobre a an\u00e1lise de dados<\/strong><\/a><\/p>\n<p class=\"entry_title text-left pb-1\"><a href=\"https:\/\/www.aunica.com\/artigos\/dez-mandamentos-do-analista-de-dados\/\" target=\"_blank\" rel=\"noopener noreferrer\"><strong>Dez Mandamentos do Analista de Dados<\/strong><\/a><\/p>\n<p class=\"entry_title text-left pb-1\"><a href=\"https:\/\/www.aunica.com\/news\/veja-quais-serao-as-tendencias-de-cores-para-2021\/\" target=\"_blank\" rel=\"noopener noreferrer\"><strong>Veja quais ser\u00e3o as tend\u00eancias de cores para 2021<\/strong><\/a><\/p>\n<p class=\"entry_title text-left pb-1\"><a href=\"https:\/\/www.aunica.com\/marketing-de-dados\/vantagens-empresas-estrutura-avancada-de-data-analytics\/\" target=\"_blank\" rel=\"noopener noreferrer\"><strong>5 vantagens competitivas de empresas com estrutura avan\u00e7ada de Data Analytics<\/strong><\/a><\/p>\n","protected":false},"excerpt":{"rendered":"<p>No \u00faltimo dia 21 de Dezembro foi ao ar na Jovem Pan a entrevista com o ministro Marcos Pontes, que \u00e9 respons\u00e1vel pelo Minist\u00e9rio da Ci\u00eancia, Tecnologia e Inova\u00e7\u00f5es (MCTI) do Brasil. Realizada no programa &#8220;Direto ao Ponto&#8221;, a entrevista contou com a participa\u00e7\u00e3o de importantes personalidades, incluindo o CEO da aunica Roberto Eckersdorff. Confira [&hellip;]<\/p>\n","protected":false},"author":2,"featured_media":15922,"comment_status":"open","ping_status":"open","sticky":false,"template":"","format":"standard","meta":{"content-type":""},"categories":[130],"tags":[460,47,362,90,461,324,472,64,463,473,465,466,474,468,25,475,370,476],"acf":[],"yoast_head":"<!-- This site is optimized with the Yoast SEO plugin v19.8 - https:\/\/yoast.com\/wordpress\/plugins\/seo\/ -->\n<title>Ministro Marcos Pontes fala sobre o Marco Legal das Startups, a Tecnologia 5G e muito mais.<\/title>\n<meta name=\"description\" content=\"A sabatina foi comandada pelo apresentador Augusto Nunes e teve na bancada Eleonora Paschoal, Guilherme Tagiaroli, Roberto Eckersdorff e Carlos Aros.\" \/>\n<meta name=\"robots\" content=\"index, follow, max-snippet:-1, max-image-preview:large, max-video-preview:-1\" \/>\n<meta property=\"og:locale\" content=\"en_US\" \/>\n<meta property=\"og:type\" content=\"article\" \/>\n<meta property=\"og:title\" content=\"Ministro Marcos Pontes fala sobre o Marco Legal das Startups, a Tecnologia 5G e muito mais.\" \/>\n<meta property=\"og:description\" content=\"A sabatina foi comandada pelo apresentador Augusto Nunes e teve na bancada Eleonora Paschoal, Guilherme Tagiaroli, Roberto Eckersdorff e Carlos Aros.\" \/>\n<meta property=\"og:url\" content=\"https:\/\/www.aunica.com\/entrevista-ministro-marcos-pontes-jovem-pan\/\" \/>\n<meta property=\"og:site_name\" content=\"aunica Interactive Marketing | Since 2004\" \/>\n<meta property=\"article:published_time\" content=\"2020-12-23T15:07:57+00:00\" \/>\n<meta name=\"author\" content=\"Alexandre Azevedo\" \/>\n<meta name=\"twitter:card\" content=\"summary_large_image\" \/>\n<meta name=\"twitter:label1\" content=\"Written by\" \/>\n\t<meta name=\"twitter:data1\" content=\"Alexandre Azevedo\" \/>\n\t<meta name=\"twitter:label2\" content=\"Est. reading time\" \/>\n\t<meta name=\"twitter:data2\" content=\"2 minutes\" \/>\n<script type=\"application\/ld+json\" class=\"yoast-schema-graph\">{\"@context\":\"https:\/\/schema.org\",\"@graph\":[{\"@type\":\"WebPage\",\"@id\":\"https:\/\/www.aunica.com\/entrevista-ministro-marcos-pontes-jovem-pan\/\",\"url\":\"https:\/\/www.aunica.com\/entrevista-ministro-marcos-pontes-jovem-pan\/\",\"name\":\"Ministro Marcos Pontes fala sobre o Marco Legal das Startups, a Tecnologia 5G e muito mais.\",\"isPartOf\":{\"@id\":\"https:\/\/www.aunica.com\/#website\"},\"datePublished\":\"2020-12-23T15:07:57+00:00\",\"dateModified\":\"2020-12-23T15:07:57+00:00\",\"author\":{\"@id\":\"https:\/\/www.aunica.com\/#\/schema\/person\/877c5c82a0b2c748d572ee40df692ae3\"},\"description\":\"A sabatina foi comandada pelo apresentador Augusto Nunes e teve na bancada Eleonora Paschoal, Guilherme Tagiaroli, Roberto Eckersdorff e Carlos Aros.\",\"breadcrumb\":{\"@id\":\"https:\/\/www.aunica.com\/entrevista-ministro-marcos-pontes-jovem-pan\/#breadcrumb\"},\"inLanguage\":\"en-US\",\"potentialAction\":[{\"@type\":\"ReadAction\",\"target\":[\"https:\/\/www.aunica.com\/entrevista-ministro-marcos-pontes-jovem-pan\/\"]}]},{\"@type\":\"BreadcrumbList\",\"@id\":\"https:\/\/www.aunica.com\/entrevista-ministro-marcos-pontes-jovem-pan\/#breadcrumb\",\"itemListElement\":[{\"@type\":\"ListItem\",\"position\":1,\"name\":\"Home\",\"item\":\"https:\/\/www.aunica.com\/en\/\"},{\"@type\":\"ListItem\",\"position\":2,\"name\":\"Ministro Marcos Pontes fala sobre o Marco Legal das Startups, a Tecnologia 5G e muito mais.\"}]},{\"@type\":\"WebSite\",\"@id\":\"https:\/\/www.aunica.com\/#website\",\"url\":\"https:\/\/www.aunica.com\/\",\"name\":\"aunica Interactive Marketing | Since 2004\",\"description\":\"Especialistas em Data Driven Marketing\",\"potentialAction\":[{\"@type\":\"SearchAction\",\"target\":{\"@type\":\"EntryPoint\",\"urlTemplate\":\"https:\/\/www.aunica.com\/?s={search_term_string}\"},\"query-input\":\"required name=search_term_string\"}],\"inLanguage\":\"en-US\"},{\"@type\":\"Person\",\"@id\":\"https:\/\/www.aunica.com\/#\/schema\/person\/877c5c82a0b2c748d572ee40df692ae3\",\"name\":\"Alexandre Azevedo\",\"image\":{\"@type\":\"ImageObject\",\"inLanguage\":\"en-US\",\"@id\":\"https:\/\/www.aunica.com\/#\/schema\/person\/image\/\",\"url\":\"https:\/\/secure.gravatar.com\/avatar\/29a4ee4e38e88212364a8220f2f1a886?s=96&d=mm&r=g\",\"contentUrl\":\"https:\/\/secure.gravatar.com\/avatar\/29a4ee4e38e88212364a8220f2f1a886?s=96&d=mm&r=g\",\"caption\":\"Alexandre Azevedo\"},\"url\":\"https:\/\/www.aunica.com\/en\/author\/alexandre-azevedoaunica-com\/\"}]}<\/script>\n<!-- \/ Yoast SEO plugin. -->","yoast_head_json":{"title":"Ministro Marcos Pontes fala sobre o Marco Legal das Startups, a Tecnologia 5G e muito mais.","description":"A sabatina foi comandada pelo apresentador Augusto Nunes e teve na bancada Eleonora Paschoal, Guilherme Tagiaroli, Roberto Eckersdorff e Carlos Aros.","robots":{"index":"index","follow":"follow","max-snippet":"max-snippet:-1","max-image-preview":"max-image-preview:large","max-video-preview":"max-video-preview:-1"},"og_locale":"en_US","og_type":"article","og_title":"Ministro Marcos Pontes fala sobre o Marco Legal das Startups, a Tecnologia 5G e muito mais.","og_description":"A sabatina foi comandada pelo apresentador Augusto Nunes e teve na bancada Eleonora Paschoal, Guilherme Tagiaroli, Roberto Eckersdorff e Carlos Aros.","og_url":"https:\/\/www.aunica.com\/entrevista-ministro-marcos-pontes-jovem-pan\/","og_site_name":"aunica Interactive Marketing | Since 2004","article_published_time":"2020-12-23T15:07:57+00:00","author":"Alexandre Azevedo","twitter_card":"summary_large_image","twitter_misc":{"Written by":"Alexandre Azevedo","Est. reading time":"2 minutes"},"schema":{"@context":"https:\/\/schema.org","@graph":[{"@type":"WebPage","@id":"https:\/\/www.aunica.com\/entrevista-ministro-marcos-pontes-jovem-pan\/","url":"https:\/\/www.aunica.com\/entrevista-ministro-marcos-pontes-jovem-pan\/","name":"Ministro Marcos Pontes fala sobre o Marco Legal das Startups, a Tecnologia 5G e muito mais.","isPartOf":{"@id":"https:\/\/www.aunica.com\/#website"},"datePublished":"2020-12-23T15:07:57+00:00","dateModified":"2020-12-23T15:07:57+00:00","author":{"@id":"https:\/\/www.aunica.com\/#\/schema\/person\/877c5c82a0b2c748d572ee40df692ae3"},"description":"A sabatina foi comandada pelo apresentador Augusto Nunes e teve na bancada Eleonora Paschoal, Guilherme Tagiaroli, Roberto Eckersdorff e Carlos Aros.","breadcrumb":{"@id":"https:\/\/www.aunica.com\/entrevista-ministro-marcos-pontes-jovem-pan\/#breadcrumb"},"inLanguage":"en-US","potentialAction":[{"@type":"ReadAction","target":["https:\/\/www.aunica.com\/entrevista-ministro-marcos-pontes-jovem-pan\/"]}]},{"@type":"BreadcrumbList","@id":"https:\/\/www.aunica.com\/entrevista-ministro-marcos-pontes-jovem-pan\/#breadcrumb","itemListElement":[{"@type":"ListItem","position":1,"name":"Home","item":"https:\/\/www.aunica.com\/en\/"},{"@type":"ListItem","position":2,"name":"Ministro Marcos Pontes fala sobre o Marco Legal das Startups, a Tecnologia 5G e muito mais."}]},{"@type":"WebSite","@id":"https:\/\/www.aunica.com\/#website","url":"https:\/\/www.aunica.com\/","name":"aunica Interactive Marketing | Since 2004","description":"Especialistas em Data Driven Marketing","potentialAction":[{"@type":"SearchAction","target":{"@type":"EntryPoint","urlTemplate":"https:\/\/www.aunica.com\/?s={search_term_string}"},"query-input":"required name=search_term_string"}],"inLanguage":"en-US"},{"@type":"Person","@id":"https:\/\/www.aunica.com\/#\/schema\/person\/877c5c82a0b2c748d572ee40df692ae3","name":"Alexandre Azevedo","image":{"@type":"ImageObject","inLanguage":"en-US","@id":"https:\/\/www.aunica.com\/#\/schema\/person\/image\/","url":"https:\/\/secure.gravatar.com\/avatar\/29a4ee4e38e88212364a8220f2f1a886?s=96&d=mm&r=g","contentUrl":"https:\/\/secure.gravatar.com\/avatar\/29a4ee4e38e88212364a8220f2f1a886?s=96&d=mm&r=g","caption":"Alexandre Azevedo"},"url":"https:\/\/www.aunica.com\/en\/author\/alexandre-azevedoaunica-com\/"}]}},"_links":{"self":[{"href":"https:\/\/www.aunica.com\/en\/wp-json\/wp\/v2\/posts\/15907"}],"collection":[{"href":"https:\/\/www.aunica.com\/en\/wp-json\/wp\/v2\/posts"}],"about":[{"href":"https:\/\/www.aunica.com\/en\/wp-json\/wp\/v2\/types\/post"}],"author":[{"embeddable":true,"href":"https:\/\/www.aunica.com\/en\/wp-json\/wp\/v2\/users\/2"}],"replies":[{"embeddable":true,"href":"https:\/\/www.aunica.com\/en\/wp-json\/wp\/v2\/comments?post=15907"}],"version-history":[{"count":0,"href":"https:\/\/www.aunica.com\/en\/wp-json\/wp\/v2\/posts\/15907\/revisions"}],"wp:featuredmedia":[{"embeddable":true,"href":"https:\/\/www.aunica.com\/en\/wp-json\/"}],"wp:attachment":[{"href":"https:\/\/www.aunica.com\/en\/wp-json\/wp\/v2\/media?parent=15907"}],"wp:term":[{"taxonomy":"category","embeddable":true,"href":"https:\/\/www.aunica.com\/en\/wp-json\/wp\/v2\/categories?post=15907"},{"taxonomy":"post_tag","embeddable":true,"href":"https:\/\/www.aunica.com\/en\/wp-json\/wp\/v2\/tags?post=15907"}],"curies":[{"name":"wp","href":"https:\/\/api.w.org\/{rel}","templated":true}]}}