{"id":8817,"date":"2015-06-18T21:50:18","date_gmt":"2015-06-18T21:50:18","guid":{"rendered":"http:\/\/aunica.hospedagemdesites.ws\/site\/?p=8817"},"modified":"2015-06-18T21:50:18","modified_gmt":"2015-06-18T21:50:18","slug":"ad-tech-em-cannes-brasil-reconhece-lacunas-do-mercado","status":"publish","type":"post","link":"https:\/\/www.aunica.com\/en\/ad-tech-em-cannes-brasil-reconhece-lacunas-do-mercado\/","title":{"rendered":"Mat\u00e9ria Exchange Wire: Ad tech em Cannes: com presen\u00e7a incompleta, Brasil reconhece lacunas do mercado"},"content":{"rendered":"<p>por\u00a0<a class=\"author\" href=\"http:\/\/www.exchangewire.com.br\/2015\/06\/18\/ad-tech-em-cannes-com-presenca-incompleta-brasil-reconhece-lacunas-do-mercado\/#author_box\" target=\"_blank\" rel=\"noopener noreferrer\"><em>Gabriela Stripoli<\/em><\/a>\u00a0em 18\/06\/2015<\/p>\n<p><img loading=\"lazy\" src=\"http:\/\/aunica.com.br\/uploads\/2015\/06\/18\/Exchange_Wire.Original.png\" alt=\"\" width=\"219\" height=\"31\" \/><\/p>\n<p>Clique\u00a0<a href=\"http:\/\/www.exchangewire.com.br\/2015\/06\/18\/ad-tech-em-cannes-com-presenca-incompleta-brasil-reconhece-lacunas-do-mercado\/\" target=\"_blank\" rel=\"noopener noreferrer\"><em>aqui<\/em>\u00a0<\/a>para acessar a mat\u00e9ria completa:<\/p>\n<p>Na semana pr\u00e9-Cannes, ouvimos alguns dos principais nomes da ind\u00fastria na Am\u00e9rica Latina sobre a presen\u00e7a cada vez maior da tecnologia no festival criativo mais importante para a publicidade.<\/p>\n<p>\u00c9 certo que todas empresas que operam no Brasil estar\u00e3o em Cannes. Contudo, \u00e9 percept\u00edvel que nem todas elas ter\u00e3o equipes latino-americanas no evento. A Affiperf, por exemplo, deixa Latam e at\u00e9 muito da equipe norte-americana fora do que ser\u00e1 apresentado em Cannes. At\u00e9 mesmo a Criteo, que tem ganhado destaque pelo crescimento no Brasil, e a Cadreon, que conquistou um dos grandes contratos de program\u00e1tico no pa\u00eds, n\u00e3o ter\u00e3o o Brasil apresentando agendas por l\u00e1 \u2013 mesmo assim, reconhecem que a participa\u00e7\u00e3o geral de ad tech \u00e9 um caminho sem volta.<\/p>\n<p>Para o diretor geral da Criteo Brasil, Fernando Tassinari, \u201ca automatiza\u00e7\u00e3o do processo de compra de m\u00eddia est\u00e1 cada vez mais presente no mundo inteiro e esse crescimento justifica essa presen\u00e7a, no momento que o mercado est\u00e1 cada vez mais sedento por se educar e especializar a respeito\u201d.<\/p>\n<p>Marcelo Sant\u2019Iago, diretor geral da MediaMath Brasil,v\u00ea esse movimento \u201ccom extrema naturalidade\u201d, porque Cannes n\u00e3o foca em cria\u00e7\u00e3o apenas h\u00e1 algum tempo. \u201cAgora com o lan\u00e7amento do Innovantion Lions, esta presenca deve ganhar cada vez mais vida pr\u00f3pria\u201d, opina. A MediaMath tem um espa\u00e7o na croisette pelo terceiro ano consecutivo para reuni\u00f5es e eventos paralelos ao Festival.<\/p>\n<p>&#8230;&#8230;<\/p>\n<p><em>Por fim, Rafael Pallares, co-fundador da\u00a0Antecipo\u00a0(empresa de m\u00eddia digital da Aunica, que representa a\u00a0<a href=\"\/noticia\/pubmatic-expands-relationship-with-mediamath-providing-access-to-premium-mobile-video-and-programmatic-direct-inventory\/?preview=true\">PubMatic<\/a>\u00a0no Brasil), justifica a presen\u00e7a com n\u00fameros de mercado. \u201cProgrammatic j\u00e1 responde por 55% do investimento em display nos Estados Unidos, devendo representar US$ 14,88 bilh\u00f5es de d\u00f3lares em 2015. Esse tipo de tecnologia est\u00e1 transformando a forma de transacionar, entregar e medir publicidade em desktops. Al\u00e9m disso, tecnologias emergentes e j\u00e1 estabelecidas viabilizam a otimiza\u00e7\u00e3o da publicidade on e off-line ao longo de todo o ciclo de tomada de decis\u00e3o do consumidor\u201d, argumenta, justificando o interesse de Cannes pela automa\u00e7\u00e3o.<\/em><\/p>\n<p>Ainda que incompleta, o Brasil em ad tech ter\u00e1 sua presen\u00e7a em Cannes. Na semana que vem, cobriremos a criatividade, ponto em que os cases brasileiros ganham destaque, e ad tech.<\/p>\n<p>&#8212;&#8212;&#8212;&#8212;&#8212;&#8212;<\/p>\n<p><strong>Nota da AUNICA:<\/strong><br \/>\n.<a href=\"http:\/\/pubmaticblog.com\/2015\/06\/18\/counting-down-to-cannes-2015-discover-whats-possible-with-pubmatic\/\" target=\"_blank\" rel=\"noopener noreferrer\">Clique aqui e acesse o Countdown to Cannes da Pubmatic<br \/>\n<\/a><a href=\"\/noticia\/pubmatic-expands-relationship-with-mediamath-providing-access-to-premium-mobile-video-and-programmatic-direct-inventory\/?preview=true\">.Clique aqui e saiba mais sobre a Parceria AUNICA &#8211; PUBMATIC<\/a><\/p>\n","protected":false},"excerpt":{"rendered":"<p>por\u00a0Gabriela Stripoli\u00a0em 18\/06\/2015 Clique\u00a0aqui\u00a0para acessar a mat\u00e9ria completa: Na semana pr\u00e9-Cannes, ouvimos alguns dos principais nomes da ind\u00fastria na Am\u00e9rica Latina sobre a presen\u00e7a cada vez maior da tecnologia no festival criativo mais importante para a publicidade. \u00c9 certo que todas empresas que operam no Brasil estar\u00e3o em Cannes. Contudo, \u00e9 percept\u00edvel que nem todas [&hellip;]<\/p>\n","protected":false},"author":5,"featured_media":8818,"comment_status":"closed","ping_status":"closed","sticky":false,"template":"","format":"standard","meta":{"content-type":""},"categories":[26],"tags":[81,54,55,217,135,99,218,27,61,44,53,219],"acf":[],"yoast_head":"<!-- This site is optimized with the Yoast SEO plugin v19.8 - https:\/\/yoast.com\/wordpress\/plugins\/seo\/ -->\n<title>Ad Tech em Cannes: Brasil reconhece lacunas do mercado<\/title>\n<meta name=\"description\" content=\"Antes de Cannes, alguns nomes da ind\u00fastria na Am\u00e9rica Latina falam sobre a presen\u00e7a da tecnologia no festival criativo mais importante para a publicidade.\" \/>\n<meta name=\"robots\" content=\"index, follow, max-snippet:-1, max-image-preview:large, max-video-preview:-1\" \/>\n<meta property=\"og:locale\" content=\"en_US\" \/>\n<meta property=\"og:type\" content=\"article\" \/>\n<meta property=\"og:title\" content=\"Ad Tech em Cannes: Brasil reconhece lacunas do mercado\" \/>\n<meta property=\"og:description\" content=\"Antes de Cannes, alguns nomes da ind\u00fastria na Am\u00e9rica Latina falam sobre a presen\u00e7a da tecnologia no festival criativo mais importante para a publicidade.\" \/>\n<meta property=\"og:url\" content=\"https:\/\/www.aunica.com\/ad-tech-em-cannes-brasil-reconhece-lacunas-do-mercado\/\" \/>\n<meta property=\"og:site_name\" content=\"aunica Interactive Marketing | Since 2004\" \/>\n<meta property=\"article:published_time\" content=\"2015-06-18T21:50:18+00:00\" \/>\n<meta name=\"author\" content=\"Marketing Aunica\" \/>\n<meta name=\"twitter:card\" content=\"summary_large_image\" \/>\n<meta name=\"twitter:label1\" content=\"Written by\" \/>\n\t<meta name=\"twitter:data1\" content=\"Marketing Aunica\" \/>\n\t<meta name=\"twitter:label2\" content=\"Est. reading time\" \/>\n\t<meta name=\"twitter:data2\" content=\"2 minutes\" \/>\n<script type=\"application\/ld+json\" class=\"yoast-schema-graph\">{\"@context\":\"https:\/\/schema.org\",\"@graph\":[{\"@type\":\"WebPage\",\"@id\":\"https:\/\/www.aunica.com\/ad-tech-em-cannes-brasil-reconhece-lacunas-do-mercado\/\",\"url\":\"https:\/\/www.aunica.com\/ad-tech-em-cannes-brasil-reconhece-lacunas-do-mercado\/\",\"name\":\"Ad Tech em Cannes: Brasil reconhece lacunas do mercado\",\"isPartOf\":{\"@id\":\"https:\/\/www.aunica.com\/#website\"},\"datePublished\":\"2015-06-18T21:50:18+00:00\",\"dateModified\":\"2015-06-18T21:50:18+00:00\",\"author\":{\"@id\":\"https:\/\/www.aunica.com\/#\/schema\/person\/a91e8b743a2b21834f0e75d554e4de5d\"},\"description\":\"Antes de Cannes, alguns nomes da ind\u00fastria na Am\u00e9rica Latina falam sobre a presen\u00e7a da tecnologia no festival criativo mais importante para a publicidade.\",\"breadcrumb\":{\"@id\":\"https:\/\/www.aunica.com\/ad-tech-em-cannes-brasil-reconhece-lacunas-do-mercado\/#breadcrumb\"},\"inLanguage\":\"en-US\",\"potentialAction\":[{\"@type\":\"ReadAction\",\"target\":[\"https:\/\/www.aunica.com\/ad-tech-em-cannes-brasil-reconhece-lacunas-do-mercado\/\"]}]},{\"@type\":\"BreadcrumbList\",\"@id\":\"https:\/\/www.aunica.com\/ad-tech-em-cannes-brasil-reconhece-lacunas-do-mercado\/#breadcrumb\",\"itemListElement\":[{\"@type\":\"ListItem\",\"position\":1,\"name\":\"Home\",\"item\":\"https:\/\/www.aunica.com\/en\/\"},{\"@type\":\"ListItem\",\"position\":2,\"name\":\"Mat\u00e9ria Exchange Wire: Ad tech em Cannes: com presen\u00e7a incompleta, Brasil reconhece lacunas do mercado\"}]},{\"@type\":\"WebSite\",\"@id\":\"https:\/\/www.aunica.com\/#website\",\"url\":\"https:\/\/www.aunica.com\/\",\"name\":\"aunica Interactive Marketing | Since 2004\",\"description\":\"Especialistas em Data Driven Marketing\",\"potentialAction\":[{\"@type\":\"SearchAction\",\"target\":{\"@type\":\"EntryPoint\",\"urlTemplate\":\"https:\/\/www.aunica.com\/?s={search_term_string}\"},\"query-input\":\"required name=search_term_string\"}],\"inLanguage\":\"en-US\"},{\"@type\":\"Person\",\"@id\":\"https:\/\/www.aunica.com\/#\/schema\/person\/a91e8b743a2b21834f0e75d554e4de5d\",\"name\":\"Marketing Aunica\",\"image\":{\"@type\":\"ImageObject\",\"inLanguage\":\"en-US\",\"@id\":\"https:\/\/www.aunica.com\/#\/schema\/person\/image\/\",\"url\":\"https:\/\/secure.gravatar.com\/avatar\/fef03717400d36d215fa42d712059d19?s=96&d=mm&r=g\",\"contentUrl\":\"https:\/\/secure.gravatar.com\/avatar\/fef03717400d36d215fa42d712059d19?s=96&d=mm&r=g\",\"caption\":\"Marketing Aunica\"},\"url\":\"https:\/\/www.aunica.com\/en\/author\/aunica\/\"}]}<\/script>\n<!-- \/ Yoast SEO plugin. -->","yoast_head_json":{"title":"Ad Tech em Cannes: Brasil reconhece lacunas do mercado","description":"Antes de Cannes, alguns nomes da ind\u00fastria na Am\u00e9rica Latina falam sobre a presen\u00e7a da tecnologia no festival criativo mais importante para a publicidade.","robots":{"index":"index","follow":"follow","max-snippet":"max-snippet:-1","max-image-preview":"max-image-preview:large","max-video-preview":"max-video-preview:-1"},"og_locale":"en_US","og_type":"article","og_title":"Ad Tech em Cannes: Brasil reconhece lacunas do mercado","og_description":"Antes de Cannes, alguns nomes da ind\u00fastria na Am\u00e9rica Latina falam sobre a presen\u00e7a da tecnologia no festival criativo mais importante para a publicidade.","og_url":"https:\/\/www.aunica.com\/ad-tech-em-cannes-brasil-reconhece-lacunas-do-mercado\/","og_site_name":"aunica Interactive Marketing | Since 2004","article_published_time":"2015-06-18T21:50:18+00:00","author":"Marketing Aunica","twitter_card":"summary_large_image","twitter_misc":{"Written by":"Marketing Aunica","Est. reading time":"2 minutes"},"schema":{"@context":"https:\/\/schema.org","@graph":[{"@type":"WebPage","@id":"https:\/\/www.aunica.com\/ad-tech-em-cannes-brasil-reconhece-lacunas-do-mercado\/","url":"https:\/\/www.aunica.com\/ad-tech-em-cannes-brasil-reconhece-lacunas-do-mercado\/","name":"Ad Tech em Cannes: Brasil reconhece lacunas do mercado","isPartOf":{"@id":"https:\/\/www.aunica.com\/#website"},"datePublished":"2015-06-18T21:50:18+00:00","dateModified":"2015-06-18T21:50:18+00:00","author":{"@id":"https:\/\/www.aunica.com\/#\/schema\/person\/a91e8b743a2b21834f0e75d554e4de5d"},"description":"Antes de Cannes, alguns nomes da ind\u00fastria na Am\u00e9rica Latina falam sobre a presen\u00e7a da tecnologia no festival criativo mais importante para a publicidade.","breadcrumb":{"@id":"https:\/\/www.aunica.com\/ad-tech-em-cannes-brasil-reconhece-lacunas-do-mercado\/#breadcrumb"},"inLanguage":"en-US","potentialAction":[{"@type":"ReadAction","target":["https:\/\/www.aunica.com\/ad-tech-em-cannes-brasil-reconhece-lacunas-do-mercado\/"]}]},{"@type":"BreadcrumbList","@id":"https:\/\/www.aunica.com\/ad-tech-em-cannes-brasil-reconhece-lacunas-do-mercado\/#breadcrumb","itemListElement":[{"@type":"ListItem","position":1,"name":"Home","item":"https:\/\/www.aunica.com\/en\/"},{"@type":"ListItem","position":2,"name":"Mat\u00e9ria Exchange Wire: Ad tech em Cannes: com presen\u00e7a incompleta, Brasil reconhece lacunas do mercado"}]},{"@type":"WebSite","@id":"https:\/\/www.aunica.com\/#website","url":"https:\/\/www.aunica.com\/","name":"aunica Interactive Marketing | Since 2004","description":"Especialistas em Data Driven Marketing","potentialAction":[{"@type":"SearchAction","target":{"@type":"EntryPoint","urlTemplate":"https:\/\/www.aunica.com\/?s={search_term_string}"},"query-input":"required name=search_term_string"}],"inLanguage":"en-US"},{"@type":"Person","@id":"https:\/\/www.aunica.com\/#\/schema\/person\/a91e8b743a2b21834f0e75d554e4de5d","name":"Marketing Aunica","image":{"@type":"ImageObject","inLanguage":"en-US","@id":"https:\/\/www.aunica.com\/#\/schema\/person\/image\/","url":"https:\/\/secure.gravatar.com\/avatar\/fef03717400d36d215fa42d712059d19?s=96&d=mm&r=g","contentUrl":"https:\/\/secure.gravatar.com\/avatar\/fef03717400d36d215fa42d712059d19?s=96&d=mm&r=g","caption":"Marketing Aunica"},"url":"https:\/\/www.aunica.com\/en\/author\/aunica\/"}]}},"_links":{"self":[{"href":"https:\/\/www.aunica.com\/en\/wp-json\/wp\/v2\/posts\/8817"}],"collection":[{"href":"https:\/\/www.aunica.com\/en\/wp-json\/wp\/v2\/posts"}],"about":[{"href":"https:\/\/www.aunica.com\/en\/wp-json\/wp\/v2\/types\/post"}],"author":[{"embeddable":true,"href":"https:\/\/www.aunica.com\/en\/wp-json\/wp\/v2\/users\/5"}],"replies":[{"embeddable":true,"href":"https:\/\/www.aunica.com\/en\/wp-json\/wp\/v2\/comments?post=8817"}],"version-history":[{"count":0,"href":"https:\/\/www.aunica.com\/en\/wp-json\/wp\/v2\/posts\/8817\/revisions"}],"wp:featuredmedia":[{"embeddable":true,"href":"https:\/\/www.aunica.com\/en\/wp-json\/"}],"wp:attachment":[{"href":"https:\/\/www.aunica.com\/en\/wp-json\/wp\/v2\/media?parent=8817"}],"wp:term":[{"taxonomy":"category","embeddable":true,"href":"https:\/\/www.aunica.com\/en\/wp-json\/wp\/v2\/categories?post=8817"},{"taxonomy":"post_tag","embeddable":true,"href":"https:\/\/www.aunica.com\/en\/wp-json\/wp\/v2\/tags?post=8817"}],"curies":[{"name":"wp","href":"https:\/\/api.w.org\/{rel}","templated":true}]}}